{"id":118404,"date":"2026-09-04T09:50:48","date_gmt":"2026-09-04T07:50:48","guid":{"rendered":"https:\/\/maisonroca.ad\/?p=118404"},"modified":"2026-09-04T10:12:07","modified_gmt":"2026-09-04T08:12:07","slug":"dinh-van-60-anos-libertad-y-creacion","status":"publish","type":"post","link":"https:\/\/maisonroca.ad\/es\/dinh-van-60-anos-libertad-y-creacion\/","title":{"rendered":"dinh van: m\u00e1s de 60 a\u00f1os de libertad y creaci\u00f3n"},"content":{"rendered":"\t\t<div data-elementor-type=\"wp-post\" data-elementor-id=\"118404\" class=\"elementor elementor-118404 elementor-99825\" data-elementor-post-type=\"post\">\n\t\t\t\t\t<div class=\"elementor-element elementor-element-6c268a2 e-con e-atomic-element e-flexbox-base e-d728117 \" data-id=\"6c268a2\" data-element_type=\"e-flexbox\" data-e-type=\"e-flexbox\" data-interaction-id=\"6c268a2\" data-e-type=\"e-flexbox\" data-id=\"6c268a2\">\n    \t\t<div class=\"elementor-element elementor-element-46173ea elementor-widget elementor-widget-text-editor\" data-id=\"46173ea\" data-element_type=\"widget\" data-e-type=\"widget\" data-widget_type=\"text-editor.default\">\n\t\t\t\t\t\t\t\t\t<h2>Jean Dinh Van: escultor y joyero<\/h2><p>Nacido en 1927 en Boulogne-Billancourt, hijo de madre bretona y padre lacador vietnamita, Jean Dinh Van estudi\u00f3 dibujo en la Escuela de Artes Decorativas y el arte del metal en la Escuela de Joyer\u00eda de Par\u00eds.<\/p><p>Jean Dinh Van se adentr\u00f3 en la materia modelando el metal siguiendo su instinto. Le gustaba jugar con el equilibrio de formas y vol\u00famenes, buscando siempre lo esencial. Disfrutaba combinando materiales hasta entonces nunca unidos, como el oro y el acero.  <\/p><p>\u201cFue tocar el metal y naci\u00f3 mi pasi\u00f3n: \u00a1me encantaba el oro!\u201d \u2014 Jean Dinh Van<\/p><p><img fetchpriority=\"high\" decoding=\"async\" class=\"alignnone size-medium wp-image-99847 aligncenter\" src=\"https:\/\/maisonroca.ad\/wp-content\/uploads\/DINHVAN_100624_EJ_060_Bague-Pulse-3-rangs-Or-jaune-diamant-298x440.jpg\" alt=\"\" width=\"298\" height=\"440\" srcset=\"https:\/\/maisonroca.ad\/wp-content\/uploads\/DINHVAN_100624_EJ_060_Bague-Pulse-3-rangs-Or-jaune-diamant-298x440.jpg 298w, https:\/\/maisonroca.ad\/wp-content\/uploads\/DINHVAN_100624_EJ_060_Bague-Pulse-3-rangs-Or-jaune-diamant-541x800.jpg 541w, https:\/\/maisonroca.ad\/wp-content\/uploads\/DINHVAN_100624_EJ_060_Bague-Pulse-3-rangs-Or-jaune-diamant-11x16.jpg 11w, https:\/\/maisonroca.ad\/wp-content\/uploads\/DINHVAN_100624_EJ_060_Bague-Pulse-3-rangs-Or-jaune-diamant-600x887.jpg 600w, https:\/\/maisonroca.ad\/wp-content\/uploads\/DINHVAN_100624_EJ_060_Bague-Pulse-3-rangs-Or-jaune-diamant.jpg 702w\" sizes=\"(max-width: 298px) 100vw, 298px\" \/><\/p><p>En 1950, se incorpor\u00f3 a Cartier, donde permaneci\u00f3 diez a\u00f1os, primero como aprendiz y luego como joyero. All\u00ed desarroll\u00f3 sus dotes creativas, plasm\u00e1ndolas en piezas excepcionales con piedras preciosas destinadas a ocasiones especiales. <\/p><h2>Iconoclasta: una nueva visi\u00f3n de la joyer\u00eda<\/h2><p>Tras una d\u00e9cada en Cartier, Jean Dinh Van decidi\u00f3 emprender su propio camino. Este nuevo cap\u00edtulo comenz\u00f3 en la rue Saint-Anne de Par\u00eds, donde colabor\u00f3 con Jean Schlumberger. M\u00e1s adelante, la creaci\u00f3n de su propia Maison en 1965 y la apertura de un taller en la Place Gaillon le brindaron el espacio ideal para desarrollar y expresar su visi\u00f3n \u00fanica de la joyer\u00eda.  <\/p><p>Mientras la joyer\u00eda tradicional favorec\u00eda los anillos de formas redondas, Jean Dinh Van apost\u00f3 por dise\u00f1os cuadrados. Del mismo modo, transform\u00f3 elementos habitualmente discretos, como los cierres, en protagonistas de sus creaciones. Las colecciones Menottes dinh van y Serrure son una clara muestra de esta audaz reinterpretaci\u00f3n.  <\/p><p>\u201cLa joya debe reflejar la personalidad de la mujer que la lleva, porque quiere lucirla todo el tiempo, no sacarla de la caja fuerte s\u00f3lo para una ocasi\u00f3n especial\u201d\u2014 Jean Dinh Van.<\/p><p>En 1967 conoci\u00f3 a Marie-Fran\u00e7oise Bleustein-Blanchet, hija del fundador de Publicis, quien lo anim\u00f3 a alejarse de los circuitos tradicionales de la joyer\u00eda y a comercializar sus creaciones en el Drugstore Publicis, que se convertir\u00eda en el primer punto de venta de la Maison.<\/p><h2>La joya del d\u00eda a d\u00eda<\/h2><p>Comprender la visi\u00f3n de Jean Dinh Van implica tambi\u00e9n situarse en el contexto de los a\u00f1os sesenta, una d\u00e9cada marcada por una intensa efervescencia cultural que transform\u00f3 m\u00faltiples disciplinas y sectores. Influenciado por este esp\u00edritu de cambio, Jean Dinh Van quiso liberar la joya de las cajas fuertes y acercarla al d\u00eda a d\u00eda, proponiendo una nueva forma de entender la joyer\u00eda. Supo adelantarse a las aspiraciones de la mujer moderna, desafiando los c\u00f3digos tradicionales de la joyer\u00eda y la alta joyer\u00eda.  <\/p><p>Objetos cotidianos, en apariencia simples y funcionales \u2014como una llave, una cerradura, una cuchilla de afeitar o una chincheta\u2014 se convierten en sus manos en s\u00edmbolos preciosos. A trav\u00e9s del metal, estos elementos adquieren una nueva dimensi\u00f3n y una elegancia inesperada. <\/p><p><img decoding=\"async\" class=\"size-medium wp-image-99843 aligncenter\" src=\"https:\/\/maisonroca.ad\/wp-content\/uploads\/751_9002_pendentif_Lame-de-Rasoir_or-jaune_visuel-2-317x440.jpg\" alt=\"\" width=\"317\" height=\"440\" srcset=\"https:\/\/maisonroca.ad\/wp-content\/uploads\/751_9002_pendentif_Lame-de-Rasoir_or-jaune_visuel-2-317x440.jpg 317w, https:\/\/maisonroca.ad\/wp-content\/uploads\/751_9002_pendentif_Lame-de-Rasoir_or-jaune_visuel-2-577x800.jpg 577w, https:\/\/maisonroca.ad\/wp-content\/uploads\/751_9002_pendentif_Lame-de-Rasoir_or-jaune_visuel-2-768x1065.jpg 768w, https:\/\/maisonroca.ad\/wp-content\/uploads\/751_9002_pendentif_Lame-de-Rasoir_or-jaune_visuel-2-12x16.jpg 12w, https:\/\/maisonroca.ad\/wp-content\/uploads\/751_9002_pendentif_Lame-de-Rasoir_or-jaune_visuel-2-600x832.jpg 600w, https:\/\/maisonroca.ad\/wp-content\/uploads\/751_9002_pendentif_Lame-de-Rasoir_or-jaune_visuel-2.jpg 865w\" sizes=\"(max-width: 317px) 100vw, 317px\" \/><\/p><p>Mediante sus creaciones, Jean Dinh Van redefine el lujo desde una perspectiva sobria y contempor\u00e1nea: un lujo discreto, sin ostentaci\u00f3n, que da vida a joyas depuradas hasta lo esencial y concebidas para acompa\u00f1ar el d\u00eda a d\u00eda.<\/p><h2>La aventura americana de dinh van<\/h2><p>Jean Dinh Van se hizo notar en la Exposici\u00f3n Universal de Montreal en 1967, donde fue seleccionado entre los cuatro mejores joyeros franceses para exponer. Descubierto por los equipos de Cartier Nueva York, sus creaciones se distribuyeron r\u00e1pidamente en la Quinta Avenida y Palm Beach, marcando un giro decisivo. <\/p><p>Durante diez a\u00f1os, supervis\u00f3 la fabricaci\u00f3n de sus joyas en los talleres de Cartier Nueva York. Las piezas, entonces firmadas conjuntamente por Cartier y dinh van, se distribuyeron por toda Norteam\u00e9rica. <\/p><p>La aventura americana no termin\u00f3 ah\u00ed: algunas de sus obras se encuentran actualmente en el Museo de Bellas Artes de Boston.<\/p><p>En 1977, gracias a esta influencia, Jean Dinh Van abri\u00f3 su propia boutique en New York City, en la c\u00e9lebre Madison Avenue.<\/p><h2>El clan dinh van<\/h2><p>Como protagonista de la escena social parisina, Jean Dinh Van conoci\u00f3 a numerosas personalidades, entre ellas Pierre Cardin y Paco Rabanne, con quien colabor\u00f3 dando origen a creaciones emblem\u00e1ticas.<\/p><p>Rodeado de estos talentos, compone y crea un lenguaje est\u00e9tico original, donde cada joya se convierte en la expresi\u00f3n de un estilo liberado de los c\u00f3digos tradicionales.<\/p><p>Entre los miembros de su entorno tambi\u00e9n figuraba el escultor C\u00e9sar Baldaccini. Jean Dinh Van le pidi\u00f3 que expusiera en su boutique de la rue de la Paix el colgante en forma de seno moldeado sobre el de la bailarina Trucula Bonbon del cabaret Crazy Horse. <\/p><h2>La llave como punto de partida<\/h2><p>Combinando forma evocadora y profundidad simb\u00f3lica, esta escultura joyera logra una doble s\u00edntesis, sobre todo, sem\u00e1ntica, ya que simboliza el apego a trav\u00e9s de un motivo que el dise\u00f1ador utilizaba a diario.<\/p><p>\u201cLas Menottes dinh van tienen su origen en la llave de una cerradura\u201d, afirmaba el joyero. \u201cA partir de la pieza de metal que ten\u00eda en la mano para abrir y cerrar, cre\u00e9 esta Menotte\u201d. <\/p><p>Tambi\u00e9n es una creaci\u00f3n artesanal, como el cierre de la joya Serrure, ya que combina flexibilidad para facilitar la apertura de la pieza y rigidez para evitar cualquier deformaci\u00f3n.<\/p><p><img decoding=\"async\" class=\"wp-image-99844 size-medium aligncenter\" src=\"https:\/\/maisonroca.ad\/wp-content\/uploads\/Bracelet-jonc-argent-280x440.jpg\" alt=\"\" width=\"280\" height=\"440\" srcset=\"https:\/\/maisonroca.ad\/wp-content\/uploads\/Bracelet-jonc-argent-280x440.jpg 280w, https:\/\/maisonroca.ad\/wp-content\/uploads\/Bracelet-jonc-argent-509x800.jpg 509w, https:\/\/maisonroca.ad\/wp-content\/uploads\/Bracelet-jonc-argent-10x16.jpg 10w, https:\/\/maisonroca.ad\/wp-content\/uploads\/Bracelet-jonc-argent-600x943.jpg 600w, https:\/\/maisonroca.ad\/wp-content\/uploads\/Bracelet-jonc-argent.jpg 700w\" sizes=\"(max-width: 280px) 100vw, 280px\" \/><\/p><h2>Creaciones emblem\u00e1ticas de dinh van<\/h2><h3><strong>Le Pav\u00e9 <\/strong><\/h3><p>Para Jean Dinh Van, Le Pav\u00e9 represent\u00f3 el s\u00edmbolo de las manifestaciones estudiantiles que surgieron en el coraz\u00f3n de la Sorbona en 1968. Con el tiempo, este motivo se convirti\u00f3 en el emblema de una joyer\u00eda que reivindicaba la independencia y la libertad como parte esencial de su identidad. <\/p><p>Este s\u00edmbolo de libertad se ha sido reinterpretado en una colecci\u00f3n completa disponible en oro amarillo de 18 quilates y en plata.<\/p><p>Ya sea en forma de anillo escult\u00f3rico o de colgante geom\u00e9trico, este icono \u2014 que ha marcado a varias generaciones\u2014 reafirma la versatilidad y vigencia de su dise\u00f1o contempor\u00e1neo, adapt\u00e1ndose a las necesidades de mujeres y hombres actuales.<\/p><p><img loading=\"lazy\" decoding=\"async\" class=\"alignnone size-medium wp-image-99842 aligncenter\" src=\"https:\/\/maisonroca.ad\/wp-content\/uploads\/DINHVAN_100624_EJ_200_Bracelet-Maillon-or-jaune-314x440.jpg\" alt=\"\" width=\"314\" height=\"440\" srcset=\"https:\/\/maisonroca.ad\/wp-content\/uploads\/DINHVAN_100624_EJ_200_Bracelet-Maillon-or-jaune-314x440.jpg 314w, https:\/\/maisonroca.ad\/wp-content\/uploads\/DINHVAN_100624_EJ_200_Bracelet-Maillon-or-jaune-572x800.jpg 572w, https:\/\/maisonroca.ad\/wp-content\/uploads\/DINHVAN_100624_EJ_200_Bracelet-Maillon-or-jaune-768x1075.jpg 768w, https:\/\/maisonroca.ad\/wp-content\/uploads\/DINHVAN_100624_EJ_200_Bracelet-Maillon-or-jaune-11x16.jpg 11w, https:\/\/maisonroca.ad\/wp-content\/uploads\/DINHVAN_100624_EJ_200_Bracelet-Maillon-or-jaune-600x840.jpg 600w, https:\/\/maisonroca.ad\/wp-content\/uploads\/DINHVAN_100624_EJ_200_Bracelet-Maillon-or-jaune.jpg 786w\" sizes=\"(max-width: 314px) 100vw, 314px\" \/><\/p><p>A estas reediciones se suman dos nuevas versiones del collar Pav\u00e9 en oro amarillo, anteriormente disponible \u00fanicamente en tama\u00f1o grande y ahora tambi\u00e9n en versiones peque\u00f1a y mediana. La colecci\u00f3n se completa las versiones del collar Pav\u00e9 en oro amarillo, as\u00ed como diferentes pulseras concebidas como amuletos preciosos para el d\u00eda a d\u00eda. <\/p><h3><strong>Serrure <\/strong><\/h3><p>Serrure, una de las piezas m\u00e1s ic\u00f3nicas de la Maison, naci\u00f3 hace m\u00e1s de 50 a\u00f1os, en 1975. Totalmente desprovista de mecanismo, esta creaci\u00f3n destaca por su pureza formal y su ingenio t\u00e9cnico. <\/p><p>La pieza adopta la forma de una cinta de oro estirada, suavemente aplanada en uno de sus extremos mediante un delicado golpe de martillo. Su distintivo cierre en forma de cerradura constituye un sistema de apertura tan funcional como elegante, pensado para acompa\u00f1ar el uso diario. <\/p><p><img loading=\"lazy\" decoding=\"async\" class=\"size-medium wp-image-99846 aligncenter\" src=\"https:\/\/maisonroca.ad\/wp-content\/uploads\/Collier20XL20argent-660x440.jpg\" alt=\"\" width=\"660\" height=\"440\" srcset=\"https:\/\/maisonroca.ad\/wp-content\/uploads\/Collier20XL20argent-660x440.jpg 660w, https:\/\/maisonroca.ad\/wp-content\/uploads\/Collier20XL20argent-768x512.jpg 768w, https:\/\/maisonroca.ad\/wp-content\/uploads\/Collier20XL20argent-16x11.jpg 16w, https:\/\/maisonroca.ad\/wp-content\/uploads\/Collier20XL20argent-600x400.jpg 600w, https:\/\/maisonroca.ad\/wp-content\/uploads\/Collier20XL20argent.jpg 1100w\" sizes=\"(max-width: 660px) 100vw, 660px\" \/><\/p><h3><strong>Bague Double: dinh van x rabanne<\/strong><\/h3><p>Otra de las creaciones emblem\u00e1ticas de la Maison reinterpretada recientemente es la Bague Double (Anillo Doble), dise\u00f1ada para Paco Rabanne.<\/p><p>Creada por Jean Dinh Van en 1967 para uno de los desfiles del dise\u00f1ador, la prensa de la \u00e9poca la defini\u00f3 como \u201cel anillo de los amores inquebrantables\u201d.<\/p><p><img loading=\"lazy\" decoding=\"async\" class=\"size-medium wp-image-99849 aligncenter\" src=\"https:\/\/maisonroca.ad\/wp-content\/uploads\/DINHVAN_100624_EJ_190_Collier-Menottes-dinh-van-R15-or-jaune-314x440.jpg\" alt=\"\" width=\"314\" height=\"440\" srcset=\"https:\/\/maisonroca.ad\/wp-content\/uploads\/DINHVAN_100624_EJ_190_Collier-Menottes-dinh-van-R15-or-jaune-314x440.jpg 314w, https:\/\/maisonroca.ad\/wp-content\/uploads\/DINHVAN_100624_EJ_190_Collier-Menottes-dinh-van-R15-or-jaune-572x800.jpg 572w, https:\/\/maisonroca.ad\/wp-content\/uploads\/DINHVAN_100624_EJ_190_Collier-Menottes-dinh-van-R15-or-jaune-768x1075.jpg 768w, https:\/\/maisonroca.ad\/wp-content\/uploads\/DINHVAN_100624_EJ_190_Collier-Menottes-dinh-van-R15-or-jaune-11x16.jpg 11w, https:\/\/maisonroca.ad\/wp-content\/uploads\/DINHVAN_100624_EJ_190_Collier-Menottes-dinh-van-R15-or-jaune-600x840.jpg 600w, https:\/\/maisonroca.ad\/wp-content\/uploads\/DINHVAN_100624_EJ_190_Collier-Menottes-dinh-van-R15-or-jaune.jpg 786w\" sizes=\"(max-width: 314px) 100vw, 314px\" \/><\/p><p>Tallada en oro amarillo y caracterizada por un motivo cuadrado calado, esta pieza est\u00e1 compuesta por dos anillos inspirados en hebillas de cintur\u00f3n, unidos por la c\u00e9lebre cadena de la Maison.<\/p><p>Fiel a su dise\u00f1o original, tambi\u00e9n est\u00e1 disponible en plata. Se trata de la misma creaci\u00f3n que el Mus\u00e9e du Louvre present\u00f3 en 2025 dentro de la exposici\u00f3n Louvre Couture: objets d\u2019art, objets de mode. <\/p>\t\t\t\t\t\t\t\t<\/div>\n\t\t\n<\/div>\n\t\t<\/div>\n\t\t","protected":false},"excerpt":{"rendered":"<p>Jean Dinh Van: escultor y joyero Nacido en 1927 en Boulogne-Billancourt, hijo de madre bretona y padre lacador vietnamita, Jean Dinh Van estudi\u00f3 dibujo en la Escuela de Artes Decorativas y el arte del metal en la Escuela de Joyer\u00eda de Par\u00eds. Jean Dinh Van se adentr\u00f3 en la materia modelando el metal siguiendo su [&hellip;]<\/p>\n","protected":false},"author":1,"featured_media":118405,"comment_status":"closed","ping_status":"open","sticky":false,"template":"","format":"standard","meta":{"footnotes":""},"categories":[667,615],"tags":[],"class_list":["post-118404","post","type-post","status-publish","format-standard","has-post-thumbnail","hentry","category-joyeria-de-autor","category-sin-categorizar"],"yoast_head":"<!-- This site is optimized with the Yoast SEO plugin v28.3 - https:\/\/yoast.com\/product\/yoast-seo-wordpress\/ -->\n<title>dinh van: m\u00e1s de 60 a\u00f1os de libertad y creaci\u00f3n - Maison Roca<\/title>\n<meta name=\"robots\" content=\"index, follow, max-snippet:-1, max-image-preview:large, max-video-preview:-1\" \/>\n<link rel=\"canonical\" href=\"https:\/\/maisonroca.ad\/es\/dinh-van-60-anos-libertad-y-creacion\/\" \/>\n<meta property=\"og:locale\" content=\"es_ES\" \/>\n<meta property=\"og:type\" content=\"article\" \/>\n<meta property=\"og:title\" content=\"dinh van: m\u00e1s de 60 a\u00f1os de libertad y creaci\u00f3n - Maison Roca\" \/>\n<meta property=\"og:description\" content=\"Jean Dinh Van: escultor y joyero Nacido en 1927 en Boulogne-Billancourt, hijo de madre bretona y padre lacador vietnamita, Jean Dinh Van estudi\u00f3 dibujo en la Escuela de Artes Decorativas y el arte del metal en la Escuela de Joyer\u00eda de Par\u00eds. Jean Dinh Van se adentr\u00f3 en la materia modelando el metal siguiendo su [&hellip;]\" \/>\n<meta property=\"og:url\" content=\"https:\/\/maisonroca.ad\/es\/dinh-van-60-anos-libertad-y-creacion\/\" \/>\n<meta property=\"og:site_name\" content=\"Maison Roca\" \/>\n<meta property=\"article:published_time\" content=\"2026-09-04T07:50:48+00:00\" \/>\n<meta property=\"article:modified_time\" content=\"2026-09-04T08:12:07+00:00\" \/>\n<meta property=\"og:image\" content=\"https:\/\/maisonroca.ad\/wp-content\/uploads\/Capture-decran-2025-06-12-a-10.11.39.jpg\" \/>\n\t<meta property=\"og:image:width\" content=\"1100\" \/>\n\t<meta property=\"og:image:height\" content=\"818\" \/>\n\t<meta property=\"og:image:type\" content=\"image\/jpeg\" \/>\n<meta name=\"author\" content=\"lavall\" \/>\n<meta name=\"twitter:card\" content=\"summary_large_image\" \/>\n<meta name=\"twitter:label1\" content=\"Escrito por\" \/>\n\t<meta name=\"twitter:data1\" content=\"lavall\" \/>\n\t<meta name=\"twitter:label2\" content=\"Tiempo de lectura\" \/>\n\t<meta name=\"twitter:data2\" content=\"8 minutos\" \/>\n<script type=\"application\/ld+json\" class=\"yoast-schema-graph\">{\"@context\":\"https:\\\/\\\/schema.org\",\"@graph\":[{\"@type\":\"Article\",\"@id\":\"https:\\\/\\\/maisonroca.ad\\\/es\\\/dinh-van-60-anos-libertad-y-creacion\\\/#article\",\"isPartOf\":{\"@id\":\"https:\\\/\\\/maisonroca.ad\\\/es\\\/dinh-van-60-anos-libertad-y-creacion\\\/\"},\"author\":{\"name\":\"lavall\",\"@id\":\"https:\\\/\\\/maisonroca.ad\\\/es\\\/#\\\/schema\\\/person\\\/9207b3e049d101033d429e6662cfdd55\"},\"headline\":\"dinh van: m\u00e1s de 60 a\u00f1os de libertad y creaci\u00f3n\",\"datePublished\":\"2026-09-04T07:50:48+00:00\",\"dateModified\":\"2026-09-04T08:12:07+00:00\",\"mainEntityOfPage\":{\"@id\":\"https:\\\/\\\/maisonroca.ad\\\/es\\\/dinh-van-60-anos-libertad-y-creacion\\\/\"},\"wordCount\":1297,\"publisher\":{\"@id\":\"https:\\\/\\\/maisonroca.ad\\\/es\\\/#organization\"},\"image\":{\"@id\":\"https:\\\/\\\/maisonroca.ad\\\/es\\\/dinh-van-60-anos-libertad-y-creacion\\\/#primaryimage\"},\"thumbnailUrl\":\"https:\\\/\\\/maisonroca.ad\\\/wp-content\\\/uploads\\\/Capture-decran-2025-06-12-a-10.11.39.jpg\",\"articleSection\":[\"Joyer\u00eda de Autor\",\"Sin categorizar\"],\"inLanguage\":\"es\"},{\"@type\":\"WebPage\",\"@id\":\"https:\\\/\\\/maisonroca.ad\\\/es\\\/dinh-van-60-anos-libertad-y-creacion\\\/\",\"url\":\"https:\\\/\\\/maisonroca.ad\\\/es\\\/dinh-van-60-anos-libertad-y-creacion\\\/\",\"name\":\"dinh van: m\u00e1s de 60 a\u00f1os de libertad y creaci\u00f3n - Maison Roca\",\"isPartOf\":{\"@id\":\"https:\\\/\\\/maisonroca.ad\\\/es\\\/#website\"},\"primaryImageOfPage\":{\"@id\":\"https:\\\/\\\/maisonroca.ad\\\/es\\\/dinh-van-60-anos-libertad-y-creacion\\\/#primaryimage\"},\"image\":{\"@id\":\"https:\\\/\\\/maisonroca.ad\\\/es\\\/dinh-van-60-anos-libertad-y-creacion\\\/#primaryimage\"},\"thumbnailUrl\":\"https:\\\/\\\/maisonroca.ad\\\/wp-content\\\/uploads\\\/Capture-decran-2025-06-12-a-10.11.39.jpg\",\"datePublished\":\"2026-09-04T07:50:48+00:00\",\"dateModified\":\"2026-09-04T08:12:07+00:00\",\"breadcrumb\":{\"@id\":\"https:\\\/\\\/maisonroca.ad\\\/es\\\/dinh-van-60-anos-libertad-y-creacion\\\/#breadcrumb\"},\"inLanguage\":\"es\",\"potentialAction\":[{\"@type\":\"ReadAction\",\"target\":[\"https:\\\/\\\/maisonroca.ad\\\/es\\\/dinh-van-60-anos-libertad-y-creacion\\\/\"]}]},{\"@type\":\"ImageObject\",\"inLanguage\":\"es\",\"@id\":\"https:\\\/\\\/maisonroca.ad\\\/es\\\/dinh-van-60-anos-libertad-y-creacion\\\/#primaryimage\",\"url\":\"https:\\\/\\\/maisonroca.ad\\\/wp-content\\\/uploads\\\/Capture-decran-2025-06-12-a-10.11.39.jpg\",\"contentUrl\":\"https:\\\/\\\/maisonroca.ad\\\/wp-content\\\/uploads\\\/Capture-decran-2025-06-12-a-10.11.39.jpg\",\"width\":1100,\"height\":818},{\"@type\":\"BreadcrumbList\",\"@id\":\"https:\\\/\\\/maisonroca.ad\\\/es\\\/dinh-van-60-anos-libertad-y-creacion\\\/#breadcrumb\",\"itemListElement\":[{\"@type\":\"ListItem\",\"position\":1,\"name\":\"Inici\",\"item\":\"https:\\\/\\\/maisonroca.ad\\\/es\\\/\"},{\"@type\":\"ListItem\",\"position\":2,\"name\":\"dinh van: m\u00e1s de 60 a\u00f1os de libertad y creaci\u00f3n\"}]},{\"@type\":\"WebSite\",\"@id\":\"https:\\\/\\\/maisonroca.ad\\\/es\\\/#website\",\"url\":\"https:\\\/\\\/maisonroca.ad\\\/es\\\/\",\"name\":\"Maison Roca\",\"description\":\"Joieria de luxe a Andorra\",\"publisher\":{\"@id\":\"https:\\\/\\\/maisonroca.ad\\\/es\\\/#organization\"},\"potentialAction\":[{\"@type\":\"SearchAction\",\"target\":{\"@type\":\"EntryPoint\",\"urlTemplate\":\"https:\\\/\\\/maisonroca.ad\\\/es\\\/?s={search_term_string}\"},\"query-input\":{\"@type\":\"PropertyValueSpecification\",\"valueRequired\":true,\"valueName\":\"search_term_string\"}}],\"inLanguage\":\"es\"},{\"@type\":\"Organization\",\"@id\":\"https:\\\/\\\/maisonroca.ad\\\/es\\\/#organization\",\"name\":\"Maison Roca\",\"url\":\"https:\\\/\\\/maisonroca.ad\\\/es\\\/\",\"logo\":{\"@type\":\"ImageObject\",\"inLanguage\":\"es\",\"@id\":\"https:\\\/\\\/maisonroca.ad\\\/es\\\/#\\\/schema\\\/logo\\\/image\\\/\",\"url\":\"https:\\\/\\\/maisonroca.ad\\\/wp-content\\\/uploads\\\/maison-roca-logo.png\",\"contentUrl\":\"https:\\\/\\\/maisonroca.ad\\\/wp-content\\\/uploads\\\/maison-roca-logo.png\",\"width\":1298,\"height\":222,\"caption\":\"Maison Roca\"},\"image\":{\"@id\":\"https:\\\/\\\/maisonroca.ad\\\/es\\\/#\\\/schema\\\/logo\\\/image\\\/\"},\"sameAs\":[\"https:\\\/\\\/www.instagram.com\\\/maisonroca\\\/\"],\"hasMerchantReturnPolicy\":{\"@type\":\"MerchantReturnPolicy\",\"merchantReturnLink\":\"https:\\\/\\\/maisonroca.ad\\\/avis-legal\\\/\"}},{\"@type\":\"Person\",\"@id\":\"https:\\\/\\\/maisonroca.ad\\\/es\\\/#\\\/schema\\\/person\\\/9207b3e049d101033d429e6662cfdd55\",\"name\":\"lavall\",\"image\":{\"@type\":\"ImageObject\",\"inLanguage\":\"es\",\"@id\":\"https:\\\/\\\/secure.gravatar.com\\\/avatar\\\/e49573f17c85e07c032a298d98ca3093783a799ce231fd9f8cc353dea7f605a0?s=96&d=mm&r=g\",\"url\":\"https:\\\/\\\/secure.gravatar.com\\\/avatar\\\/e49573f17c85e07c032a298d98ca3093783a799ce231fd9f8cc353dea7f605a0?s=96&d=mm&r=g\",\"contentUrl\":\"https:\\\/\\\/secure.gravatar.com\\\/avatar\\\/e49573f17c85e07c032a298d98ca3093783a799ce231fd9f8cc353dea7f605a0?s=96&d=mm&r=g\",\"caption\":\"lavall\"},\"sameAs\":[\"https:\\\/\\\/maisonroca.ad\"],\"url\":\"https:\\\/\\\/maisonroca.ad\\\/es\\\/author\\\/lavall\\\/\"}]}<\/script>\n<!-- \/ Yoast SEO plugin. -->","yoast_head_json":{"title":"dinh van: m\u00e1s de 60 a\u00f1os de libertad y creaci\u00f3n - Maison Roca","robots":{"index":"index","follow":"follow","max-snippet":"max-snippet:-1","max-image-preview":"max-image-preview:large","max-video-preview":"max-video-preview:-1"},"canonical":"https:\/\/maisonroca.ad\/es\/dinh-van-60-anos-libertad-y-creacion\/","og_locale":"es_ES","og_type":"article","og_title":"dinh van: m\u00e1s de 60 a\u00f1os de libertad y creaci\u00f3n - Maison Roca","og_description":"Jean Dinh Van: escultor y joyero Nacido en 1927 en Boulogne-Billancourt, hijo de madre bretona y padre lacador vietnamita, Jean Dinh Van estudi\u00f3 dibujo en la Escuela de Artes Decorativas y el arte del metal en la Escuela de Joyer\u00eda de Par\u00eds. Jean Dinh Van se adentr\u00f3 en la materia modelando el metal siguiendo su [&hellip;]","og_url":"https:\/\/maisonroca.ad\/es\/dinh-van-60-anos-libertad-y-creacion\/","og_site_name":"Maison Roca","article_published_time":"2026-09-04T07:50:48+00:00","article_modified_time":"2026-09-04T08:12:07+00:00","og_image":[{"width":1100,"height":818,"url":"https:\/\/maisonroca.ad\/wp-content\/uploads\/Capture-decran-2025-06-12-a-10.11.39.jpg","type":"image\/jpeg"}],"author":"lavall","twitter_card":"summary_large_image","twitter_misc":{"Escrito por":"lavall","Tiempo de lectura":"8 minutos"},"schema":{"@context":"https:\/\/schema.org","@graph":[{"@type":"Article","@id":"https:\/\/maisonroca.ad\/es\/dinh-van-60-anos-libertad-y-creacion\/#article","isPartOf":{"@id":"https:\/\/maisonroca.ad\/es\/dinh-van-60-anos-libertad-y-creacion\/"},"author":{"name":"lavall","@id":"https:\/\/maisonroca.ad\/es\/#\/schema\/person\/9207b3e049d101033d429e6662cfdd55"},"headline":"dinh van: m\u00e1s de 60 a\u00f1os de libertad y creaci\u00f3n","datePublished":"2026-09-04T07:50:48+00:00","dateModified":"2026-09-04T08:12:07+00:00","mainEntityOfPage":{"@id":"https:\/\/maisonroca.ad\/es\/dinh-van-60-anos-libertad-y-creacion\/"},"wordCount":1297,"publisher":{"@id":"https:\/\/maisonroca.ad\/es\/#organization"},"image":{"@id":"https:\/\/maisonroca.ad\/es\/dinh-van-60-anos-libertad-y-creacion\/#primaryimage"},"thumbnailUrl":"https:\/\/maisonroca.ad\/wp-content\/uploads\/Capture-decran-2025-06-12-a-10.11.39.jpg","articleSection":["Joyer\u00eda de Autor","Sin categorizar"],"inLanguage":"es"},{"@type":"WebPage","@id":"https:\/\/maisonroca.ad\/es\/dinh-van-60-anos-libertad-y-creacion\/","url":"https:\/\/maisonroca.ad\/es\/dinh-van-60-anos-libertad-y-creacion\/","name":"dinh van: m\u00e1s de 60 a\u00f1os de libertad y creaci\u00f3n - Maison Roca","isPartOf":{"@id":"https:\/\/maisonroca.ad\/es\/#website"},"primaryImageOfPage":{"@id":"https:\/\/maisonroca.ad\/es\/dinh-van-60-anos-libertad-y-creacion\/#primaryimage"},"image":{"@id":"https:\/\/maisonroca.ad\/es\/dinh-van-60-anos-libertad-y-creacion\/#primaryimage"},"thumbnailUrl":"https:\/\/maisonroca.ad\/wp-content\/uploads\/Capture-decran-2025-06-12-a-10.11.39.jpg","datePublished":"2026-09-04T07:50:48+00:00","dateModified":"2026-09-04T08:12:07+00:00","breadcrumb":{"@id":"https:\/\/maisonroca.ad\/es\/dinh-van-60-anos-libertad-y-creacion\/#breadcrumb"},"inLanguage":"es","potentialAction":[{"@type":"ReadAction","target":["https:\/\/maisonroca.ad\/es\/dinh-van-60-anos-libertad-y-creacion\/"]}]},{"@type":"ImageObject","inLanguage":"es","@id":"https:\/\/maisonroca.ad\/es\/dinh-van-60-anos-libertad-y-creacion\/#primaryimage","url":"https:\/\/maisonroca.ad\/wp-content\/uploads\/Capture-decran-2025-06-12-a-10.11.39.jpg","contentUrl":"https:\/\/maisonroca.ad\/wp-content\/uploads\/Capture-decran-2025-06-12-a-10.11.39.jpg","width":1100,"height":818},{"@type":"BreadcrumbList","@id":"https:\/\/maisonroca.ad\/es\/dinh-van-60-anos-libertad-y-creacion\/#breadcrumb","itemListElement":[{"@type":"ListItem","position":1,"name":"Inici","item":"https:\/\/maisonroca.ad\/es\/"},{"@type":"ListItem","position":2,"name":"dinh van: m\u00e1s de 60 a\u00f1os de libertad y creaci\u00f3n"}]},{"@type":"WebSite","@id":"https:\/\/maisonroca.ad\/es\/#website","url":"https:\/\/maisonroca.ad\/es\/","name":"Maison Roca","description":"Joieria de luxe a Andorra","publisher":{"@id":"https:\/\/maisonroca.ad\/es\/#organization"},"potentialAction":[{"@type":"SearchAction","target":{"@type":"EntryPoint","urlTemplate":"https:\/\/maisonroca.ad\/es\/?s={search_term_string}"},"query-input":{"@type":"PropertyValueSpecification","valueRequired":true,"valueName":"search_term_string"}}],"inLanguage":"es"},{"@type":"Organization","@id":"https:\/\/maisonroca.ad\/es\/#organization","name":"Maison Roca","url":"https:\/\/maisonroca.ad\/es\/","logo":{"@type":"ImageObject","inLanguage":"es","@id":"https:\/\/maisonroca.ad\/es\/#\/schema\/logo\/image\/","url":"https:\/\/maisonroca.ad\/wp-content\/uploads\/maison-roca-logo.png","contentUrl":"https:\/\/maisonroca.ad\/wp-content\/uploads\/maison-roca-logo.png","width":1298,"height":222,"caption":"Maison Roca"},"image":{"@id":"https:\/\/maisonroca.ad\/es\/#\/schema\/logo\/image\/"},"sameAs":["https:\/\/www.instagram.com\/maisonroca\/"],"hasMerchantReturnPolicy":{"@type":"MerchantReturnPolicy","merchantReturnLink":"https:\/\/maisonroca.ad\/avis-legal\/"}},{"@type":"Person","@id":"https:\/\/maisonroca.ad\/es\/#\/schema\/person\/9207b3e049d101033d429e6662cfdd55","name":"lavall","image":{"@type":"ImageObject","inLanguage":"es","@id":"https:\/\/secure.gravatar.com\/avatar\/e49573f17c85e07c032a298d98ca3093783a799ce231fd9f8cc353dea7f605a0?s=96&d=mm&r=g","url":"https:\/\/secure.gravatar.com\/avatar\/e49573f17c85e07c032a298d98ca3093783a799ce231fd9f8cc353dea7f605a0?s=96&d=mm&r=g","contentUrl":"https:\/\/secure.gravatar.com\/avatar\/e49573f17c85e07c032a298d98ca3093783a799ce231fd9f8cc353dea7f605a0?s=96&d=mm&r=g","caption":"lavall"},"sameAs":["https:\/\/maisonroca.ad"],"url":"https:\/\/maisonroca.ad\/es\/author\/lavall\/"}]}},"_links":{"self":[{"href":"https:\/\/maisonroca.ad\/es\/wp-json\/wp\/v2\/posts\/118404","targetHints":{"allow":["GET"]}}],"collection":[{"href":"https:\/\/maisonroca.ad\/es\/wp-json\/wp\/v2\/posts"}],"about":[{"href":"https:\/\/maisonroca.ad\/es\/wp-json\/wp\/v2\/types\/post"}],"author":[{"embeddable":true,"href":"https:\/\/maisonroca.ad\/es\/wp-json\/wp\/v2\/users\/1"}],"replies":[{"embeddable":true,"href":"https:\/\/maisonroca.ad\/es\/wp-json\/wp\/v2\/comments?post=118404"}],"version-history":[{"count":2,"href":"https:\/\/maisonroca.ad\/es\/wp-json\/wp\/v2\/posts\/118404\/revisions"}],"predecessor-version":[{"id":118413,"href":"https:\/\/maisonroca.ad\/es\/wp-json\/wp\/v2\/posts\/118404\/revisions\/118413"}],"wp:featuredmedia":[{"embeddable":true,"href":"https:\/\/maisonroca.ad\/es\/wp-json\/wp\/v2\/media\/118405"}],"wp:attachment":[{"href":"https:\/\/maisonroca.ad\/es\/wp-json\/wp\/v2\/media?parent=118404"}],"wp:term":[{"taxonomy":"category","embeddable":true,"href":"https:\/\/maisonroca.ad\/es\/wp-json\/wp\/v2\/categories?post=118404"},{"taxonomy":"post_tag","embeddable":true,"href":"https:\/\/maisonroca.ad\/es\/wp-json\/wp\/v2\/tags?post=118404"}],"curies":[{"name":"wp","href":"https:\/\/api.w.org\/{rel}","templated":true}]}}