{"id":85065,"date":"2026-03-17T10:05:19","date_gmt":"2026-03-17T09:05:19","guid":{"rendered":"https:\/\/maisonroca.ad\/la-nostra-seleccio-de-joies-i-rellotges-per-al-dia-del-pare\/"},"modified":"2026-03-17T10:13:06","modified_gmt":"2026-03-17T09:13:06","slug":"nuestra-seleccion-de-joyas-para-el-dia-del-padre","status":"publish","type":"post","link":"https:\/\/maisonroca.ad\/es\/nuestra-seleccion-de-joyas-para-el-dia-del-padre\/","title":{"rendered":"Nuestra selecci\u00f3n de joyas y relojes para el D\u00eda del Padre"},"content":{"rendered":"\n<p>El D\u00eda del Padre es la ocasi\u00f3n perfecta para celebrar a aquellas figuras que nos han guiado, inspirado y acompa\u00f1ado a lo largo de la vida. Un d\u00eda para agradecer su presencia con un detalle especial: una pieza pensada para durar y convertirse en un recuerdo para siempre.<\/p>\n\n\n\n<p>En Maison Roca hemos preparado una selecci\u00f3n de joyer\u00eda y relojer\u00eda para sorprenderle con elegancia y personalidad.<\/p>\n\n\n\n<h2 class=\"wp-block-heading\" id=\"h-joyeria-masculina-con-caracter\"><strong><strong>Joyer\u00eda masculina con car\u00e1cter<\/strong><\/strong><\/h2>\n\n\n\n<p>La joyer\u00eda masculina est\u00e1 cada vez m\u00e1s presente en el estilo contempor\u00e1neo. Piezas sutiles pero con mucha personalidad, capaces de acompa\u00f1ar el d\u00eda a d\u00eda con elegancia.<\/p>\n\n\n\n<p>Entre nuestra selecci\u00f3n destacan las creaciones de <strong>FRED<\/strong>, con dise\u00f1os ic\u00f3nicos que combinan sofisticaci\u00f3n y modernidad, as\u00ed como las pulseras de <strong>Shamballa Jewels<\/strong>, conocidas por su estilo distintivo y su simbolismo, y que puedes configurar a tu gusto en la boutique de Av. Meritxell, 18.<\/p>\n\n\n\n<figure class=\"wp-block-image size-large\"><img fetchpriority=\"high\" decoding=\"async\" width=\"1024\" height=\"640\" src=\"https:\/\/maisonroca.ad\/wp-content\/uploads\/2026\/03\/maison_roca_shamballa_jewels_bracalet-1024x640.png\" alt=\"\" class=\"wp-image-85060\" srcset=\"https:\/\/maisonroca.ad\/wp-content\/uploads\/2026\/03\/maison_roca_shamballa_jewels_bracalet-1024x640.png 1024w, https:\/\/maisonroca.ad\/wp-content\/uploads\/2026\/03\/maison_roca_shamballa_jewels_bracalet-300x188.png 300w, https:\/\/maisonroca.ad\/wp-content\/uploads\/2026\/03\/maison_roca_shamballa_jewels_bracalet-768x480.png 768w, https:\/\/maisonroca.ad\/wp-content\/uploads\/2026\/03\/maison_roca_shamballa_jewels_bracalet-1536x960.png 1536w, https:\/\/maisonroca.ad\/wp-content\/uploads\/2026\/03\/maison_roca_shamballa_jewels_bracalet-600x375.png 600w, https:\/\/maisonroca.ad\/wp-content\/uploads\/2026\/03\/maison_roca_shamballa_jewels_bracalet.png 2000w\" sizes=\"(max-width: 1024px) 100vw, 1024px\" \/><\/figure>\n\n\n\n<p>Tambi\u00e9n encontramos las piezas de <strong>Messika<\/strong>, que aportan una interpretaci\u00f3n contempor\u00e1nea del diamante con l\u00edneas elegantes y minimalistas, ideales para hombres que buscan un toque discreto pero refinado. O la colecci\u00f3n de las menottes de <strong>dinh van.<\/strong><\/p>\n\n\n\n<h2 class=\"wp-block-heading\" id=\"h-relojes-que-marcan-cada-momento\"><strong><strong>Relojes que marcan cada momento<\/strong><\/strong><\/h2>\n\n\n\n<p>Un reloj es mucho m\u00e1s que un accesorio: es una pieza que acompa\u00f1a cada momento del d\u00eda y que a menudo se convierte en un recuerdo para toda la vida.<\/p>\n\n\n\n<figure class=\"wp-block-image size-large\"><img decoding=\"async\" width=\"1024\" height=\"640\" src=\"https:\/\/maisonroca.ad\/wp-content\/uploads\/2026\/03\/breitling_austin_butler_maison_roca-1024x640.png\" alt=\"\" class=\"wp-image-85056\" srcset=\"https:\/\/maisonroca.ad\/wp-content\/uploads\/2026\/03\/breitling_austin_butler_maison_roca-1024x640.png 1024w, https:\/\/maisonroca.ad\/wp-content\/uploads\/2026\/03\/breitling_austin_butler_maison_roca-300x188.png 300w, https:\/\/maisonroca.ad\/wp-content\/uploads\/2026\/03\/breitling_austin_butler_maison_roca-768x480.png 768w, https:\/\/maisonroca.ad\/wp-content\/uploads\/2026\/03\/breitling_austin_butler_maison_roca-1536x960.png 1536w, https:\/\/maisonroca.ad\/wp-content\/uploads\/2026\/03\/breitling_austin_butler_maison_roca-600x375.png 600w, https:\/\/maisonroca.ad\/wp-content\/uploads\/2026\/03\/breitling_austin_butler_maison_roca.png 2000w\" sizes=\"(max-width: 1024px) 100vw, 1024px\" \/><\/figure>\n\n\n\n<p>Entre nuestra selecci\u00f3n para el D\u00eda del Padre encontramos el Super Chronomat de <strong>Breitling<\/strong>, una marca reconocida por su precisi\u00f3n, su car\u00e1cter deportivo y su dise\u00f1o inconfundible.<\/p>\n\n\n\n<p>Adem\u00e1s, en la boutique Maison Roca de Av. Meritxell, 50, podr\u00e1s descubrir una amplia selecci\u00f3n de relojes de marcas prestigiosas como<strong> Bell &amp; Ross, Baume &amp; Mercier, Oris, Vulcain y Hamilton<\/strong>, con modelos que van desde la elegancia cl\u00e1sica hasta el estilo m\u00e1s deportivo y contempor\u00e1neo.<\/p>\n\n\n\n<h2 class=\"wp-block-heading\" id=\"h-un-detalle-que-durara-para-siempre\"><strong><strong>Un detalle que durar\u00e1 para siempre<\/strong><\/strong><\/h2>\n\n\n\n<p>Elegir una pieza de joyer\u00eda o relojer\u00eda es mucho m\u00e1s que hacer un regalo: es ofrecer un objeto que le acompa\u00f1ar\u00e1 durante muchos a\u00f1os y que, con el tiempo, se convertir\u00e1 en un recuerdo lleno de significado.<\/p>\n\n\n\n<p>Este D\u00eda del Padre, descubre nuestra selecci\u00f3n en Maison Roca y <a href=\"https:\/\/maisonroca.ad\/es\/relojeria\/\">encuentra el detalle perfecto<\/a> para celebrarlo como se merece.<\/p>\n\n\n\n<p><\/p>\n","protected":false},"excerpt":{"rendered":"<p>El D\u00eda del Padre es la ocasi\u00f3n perfecta para celebrar a aquellas figuras que nos han guiado, inspirado y acompa\u00f1ado a lo largo de la vida. Un d\u00eda para agradecer su presencia con un detalle especial: una pieza pensada para durar y convertirse en un recuerdo para siempre. En Maison Roca hemos preparado una selecci\u00f3n [&hellip;]<\/p>\n","protected":false},"author":4,"featured_media":85047,"comment_status":"closed","ping_status":"closed","sticky":false,"template":"","format":"standard","meta":{"_acf_changed":false,"_monsterinsights_skip_tracking":false,"_monsterinsights_sitenote_active":false,"_monsterinsights_sitenote_note":"","_monsterinsights_sitenote_category":0,"footnotes":""},"categories":[2522,2505],"tags":[3256,2714,3111,3882,3036,3039,3074,3867,3884,3368],"class_list":["post-85065","post","type-post","status-publish","format-standard","has-post-thumbnail","hentry","category-relojeria-exclusiva","category-sin-categorizar-es","tag-bell-ross-4","tag-breitling-es","tag-diamantes","tag-diamants","tag-joieria-andorra-es","tag-maison-roca-es","tag-novedades-2025","tag-oris","tag-rellotgeria-suissa","tag-relojeria-suiza"],"acf":[],"yoast_head":"<!-- This site is optimized with the Yoast SEO Premium plugin v26.8 (Yoast SEO v27.4) - https:\/\/yoast.com\/product\/yoast-seo-premium-wordpress\/ -->\n<title>Nuestra selecci\u00f3n de joyas y relojes para el D\u00eda del Padre - Maison Roca<\/title>\n<meta name=\"description\" content=\"Descubre en Maison Roca nuestra selecci\u00f3n de joyas y relojes para encontrar el detalle perfecto y celebrar a tu padre como se merece.\" \/>\n<meta name=\"robots\" content=\"index, follow, max-snippet:-1, max-image-preview:large, max-video-preview:-1\" \/>\n<link rel=\"canonical\" href=\"https:\/\/maisonroca.ad\/es\/nuestra-seleccion-de-joyas-para-el-dia-del-padre\/\" \/>\n<meta property=\"og:locale\" content=\"es_ES\" \/>\n<meta property=\"og:type\" content=\"article\" \/>\n<meta property=\"og:title\" content=\"Nuestra selecci\u00f3n de joyas y relojes para el D\u00eda del Padre\" \/>\n<meta property=\"og:description\" content=\"Descubre en Maison Roca nuestra selecci\u00f3n de joyas y relojes para encontrar el detalle perfecto y celebrar a tu padre como se merece.\" \/>\n<meta property=\"og:url\" content=\"https:\/\/maisonroca.ad\/es\/nuestra-seleccion-de-joyas-para-el-dia-del-padre\/\" \/>\n<meta property=\"og:site_name\" content=\"Maison Roca\" \/>\n<meta property=\"article:publisher\" content=\"https:\/\/www.facebook.com\/maisonroca\" \/>\n<meta property=\"article:published_time\" content=\"2026-03-17T09:05:19+00:00\" \/>\n<meta property=\"article:modified_time\" content=\"2026-03-17T09:13:06+00:00\" \/>\n<meta property=\"og:image\" content=\"https:\/\/maisonroca.ad\/wp-content\/uploads\/2026\/03\/Braiding_131111PR_0068_RETOUCHED-copy-scaled.jpg\" \/>\n\t<meta property=\"og:image:width\" content=\"2048\" \/>\n\t<meta property=\"og:image:height\" content=\"1536\" \/>\n\t<meta property=\"og:image:type\" content=\"image\/jpeg\" \/>\n<meta name=\"author\" content=\"Alba Cladellas\" \/>\n<meta name=\"twitter:card\" content=\"summary_large_image\" \/>\n<meta name=\"twitter:label1\" content=\"Escrito por\" \/>\n\t<meta name=\"twitter:data1\" content=\"Alba Cladellas\" \/>\n\t<meta name=\"twitter:label2\" content=\"Tiempo de lectura\" \/>\n\t<meta name=\"twitter:data2\" content=\"3 minutos\" \/>\n<script type=\"application\/ld+json\" class=\"yoast-schema-graph\">{\"@context\":\"https:\\\/\\\/schema.org\",\"@graph\":[{\"@type\":\"Article\",\"@id\":\"https:\\\/\\\/maisonroca.ad\\\/es\\\/nuestra-seleccion-de-joyas-para-el-dia-del-padre\\\/#article\",\"isPartOf\":{\"@id\":\"https:\\\/\\\/maisonroca.ad\\\/es\\\/nuestra-seleccion-de-joyas-para-el-dia-del-padre\\\/\"},\"author\":{\"name\":\"Alba Cladellas\",\"@id\":\"https:\\\/\\\/maisonroca.ad\\\/es\\\/#\\\/schema\\\/person\\\/fbb4d6d48b3192d655b25ec7df9a4f74\"},\"headline\":\"Nuestra selecci\u00f3n de joyas y relojes para el D\u00eda del Padre\",\"datePublished\":\"2026-03-17T09:05:19+00:00\",\"dateModified\":\"2026-03-17T09:13:06+00:00\",\"mainEntityOfPage\":{\"@id\":\"https:\\\/\\\/maisonroca.ad\\\/es\\\/nuestra-seleccion-de-joyas-para-el-dia-del-padre\\\/\"},\"wordCount\":405,\"publisher\":{\"@id\":\"https:\\\/\\\/maisonroca.ad\\\/es\\\/#organization\"},\"image\":{\"@id\":\"https:\\\/\\\/maisonroca.ad\\\/es\\\/nuestra-seleccion-de-joyas-para-el-dia-del-padre\\\/#primaryimage\"},\"thumbnailUrl\":\"https:\\\/\\\/maisonroca.ad\\\/wp-content\\\/uploads\\\/2026\\\/03\\\/Braiding_131111PR_0068_RETOUCHED-copy-scaled.jpg\",\"keywords\":[\"bell &amp; ross\",\"Breitling\",\"diamantes\",\"diamants\",\"joieria Andorra\",\"Maison Roca\",\"novedades 2025\",\"Oris\",\"rellotgeria su\u00efssa\",\"relojer\u00eda suiza\"],\"articleSection\":[\"Relojer\u00eda exclusiva\",\"Sin categorizar\"],\"inLanguage\":\"es\"},{\"@type\":\"WebPage\",\"@id\":\"https:\\\/\\\/maisonroca.ad\\\/es\\\/nuestra-seleccion-de-joyas-para-el-dia-del-padre\\\/\",\"url\":\"https:\\\/\\\/maisonroca.ad\\\/es\\\/nuestra-seleccion-de-joyas-para-el-dia-del-padre\\\/\",\"name\":\"Nuestra selecci\u00f3n de joyas y relojes para el D\u00eda del Padre - Maison Roca\",\"isPartOf\":{\"@id\":\"https:\\\/\\\/maisonroca.ad\\\/es\\\/#website\"},\"primaryImageOfPage\":{\"@id\":\"https:\\\/\\\/maisonroca.ad\\\/es\\\/nuestra-seleccion-de-joyas-para-el-dia-del-padre\\\/#primaryimage\"},\"image\":{\"@id\":\"https:\\\/\\\/maisonroca.ad\\\/es\\\/nuestra-seleccion-de-joyas-para-el-dia-del-padre\\\/#primaryimage\"},\"thumbnailUrl\":\"https:\\\/\\\/maisonroca.ad\\\/wp-content\\\/uploads\\\/2026\\\/03\\\/Braiding_131111PR_0068_RETOUCHED-copy-scaled.jpg\",\"datePublished\":\"2026-03-17T09:05:19+00:00\",\"dateModified\":\"2026-03-17T09:13:06+00:00\",\"description\":\"Descubre en Maison Roca nuestra selecci\u00f3n de joyas y relojes para encontrar el detalle perfecto y celebrar a tu padre como se merece.\",\"breadcrumb\":{\"@id\":\"https:\\\/\\\/maisonroca.ad\\\/es\\\/nuestra-seleccion-de-joyas-para-el-dia-del-padre\\\/#breadcrumb\"},\"inLanguage\":\"es\",\"potentialAction\":[{\"@type\":\"ReadAction\",\"target\":[\"https:\\\/\\\/maisonroca.ad\\\/es\\\/nuestra-seleccion-de-joyas-para-el-dia-del-padre\\\/\"]}]},{\"@type\":\"ImageObject\",\"inLanguage\":\"es\",\"@id\":\"https:\\\/\\\/maisonroca.ad\\\/es\\\/nuestra-seleccion-de-joyas-para-el-dia-del-padre\\\/#primaryimage\",\"url\":\"https:\\\/\\\/maisonroca.ad\\\/wp-content\\\/uploads\\\/2026\\\/03\\\/Braiding_131111PR_0068_RETOUCHED-copy-scaled.jpg\",\"contentUrl\":\"https:\\\/\\\/maisonroca.ad\\\/wp-content\\\/uploads\\\/2026\\\/03\\\/Braiding_131111PR_0068_RETOUCHED-copy-scaled.jpg\",\"width\":2048,\"height\":1536},{\"@type\":\"BreadcrumbList\",\"@id\":\"https:\\\/\\\/maisonroca.ad\\\/es\\\/nuestra-seleccion-de-joyas-para-el-dia-del-padre\\\/#breadcrumb\",\"itemListElement\":[{\"@type\":\"ListItem\",\"position\":1,\"name\":\"Portada\",\"item\":\"https:\\\/\\\/maisonroca.ad\\\/es\\\/\"},{\"@type\":\"ListItem\",\"position\":2,\"name\":\"Nuestra selecci\u00f3n de joyas y relojes para el D\u00eda del Padre\"}]},{\"@type\":\"WebSite\",\"@id\":\"https:\\\/\\\/maisonroca.ad\\\/es\\\/#website\",\"url\":\"https:\\\/\\\/maisonroca.ad\\\/es\\\/\",\"name\":\"Maison Roca\",\"description\":\"Bold Luxury Life - joieria d&#039;autor - Andorra\",\"publisher\":{\"@id\":\"https:\\\/\\\/maisonroca.ad\\\/es\\\/#organization\"},\"potentialAction\":[{\"@type\":\"SearchAction\",\"target\":{\"@type\":\"EntryPoint\",\"urlTemplate\":\"https:\\\/\\\/maisonroca.ad\\\/es\\\/?s={search_term_string}\"},\"query-input\":{\"@type\":\"PropertyValueSpecification\",\"valueRequired\":true,\"valueName\":\"search_term_string\"}}],\"inLanguage\":\"es\"},{\"@type\":\"Organization\",\"@id\":\"https:\\\/\\\/maisonroca.ad\\\/es\\\/#organization\",\"name\":\"Maison Roca\",\"url\":\"https:\\\/\\\/maisonroca.ad\\\/es\\\/\",\"logo\":{\"@type\":\"ImageObject\",\"inLanguage\":\"es\",\"@id\":\"https:\\\/\\\/maisonroca.ad\\\/es\\\/#\\\/schema\\\/logo\\\/image\\\/\",\"url\":\"https:\\\/\\\/maisonroca.ad\\\/wp-content\\\/uploads\\\/2023\\\/10\\\/icono.png\",\"contentUrl\":\"https:\\\/\\\/maisonroca.ad\\\/wp-content\\\/uploads\\\/2023\\\/10\\\/icono.png\",\"width\":512,\"height\":512,\"caption\":\"Maison Roca\"},\"image\":{\"@id\":\"https:\\\/\\\/maisonroca.ad\\\/es\\\/#\\\/schema\\\/logo\\\/image\\\/\"},\"sameAs\":[\"https:\\\/\\\/www.facebook.com\\\/maisonroca\",\"https:\\\/\\\/www.instagram.com\\\/maisonroca\\\/\"]},{\"@type\":\"Person\",\"@id\":\"https:\\\/\\\/maisonroca.ad\\\/es\\\/#\\\/schema\\\/person\\\/fbb4d6d48b3192d655b25ec7df9a4f74\",\"name\":\"Alba Cladellas\",\"image\":{\"@type\":\"ImageObject\",\"inLanguage\":\"es\",\"@id\":\"https:\\\/\\\/secure.gravatar.com\\\/avatar\\\/bc6626a75b0c17f436b1a279bcc4d4435f1a5f6b32757a55be68089613b2deba?s=96&d=mm&r=g\",\"url\":\"https:\\\/\\\/secure.gravatar.com\\\/avatar\\\/bc6626a75b0c17f436b1a279bcc4d4435f1a5f6b32757a55be68089613b2deba?s=96&d=mm&r=g\",\"contentUrl\":\"https:\\\/\\\/secure.gravatar.com\\\/avatar\\\/bc6626a75b0c17f436b1a279bcc4d4435f1a5f6b32757a55be68089613b2deba?s=96&d=mm&r=g\",\"caption\":\"Alba Cladellas\"},\"url\":\"https:\\\/\\\/maisonroca.ad\\\/es\\\/author\\\/acladellas\\\/\"}]}<\/script>\n<!-- \/ Yoast SEO Premium plugin. -->","yoast_head_json":{"title":"Nuestra selecci\u00f3n de joyas y relojes para el D\u00eda del Padre - Maison Roca","description":"Descubre en Maison Roca nuestra selecci\u00f3n de joyas y relojes para encontrar el detalle perfecto y celebrar a tu padre como se merece.","robots":{"index":"index","follow":"follow","max-snippet":"max-snippet:-1","max-image-preview":"max-image-preview:large","max-video-preview":"max-video-preview:-1"},"canonical":"https:\/\/maisonroca.ad\/es\/nuestra-seleccion-de-joyas-para-el-dia-del-padre\/","og_locale":"es_ES","og_type":"article","og_title":"Nuestra selecci\u00f3n de joyas y relojes para el D\u00eda del Padre","og_description":"Descubre en Maison Roca nuestra selecci\u00f3n de joyas y relojes para encontrar el detalle perfecto y celebrar a tu padre como se merece.","og_url":"https:\/\/maisonroca.ad\/es\/nuestra-seleccion-de-joyas-para-el-dia-del-padre\/","og_site_name":"Maison Roca","article_publisher":"https:\/\/www.facebook.com\/maisonroca","article_published_time":"2026-03-17T09:05:19+00:00","article_modified_time":"2026-03-17T09:13:06+00:00","og_image":[{"width":2048,"height":1536,"url":"https:\/\/maisonroca.ad\/wp-content\/uploads\/2026\/03\/Braiding_131111PR_0068_RETOUCHED-copy-scaled.jpg","type":"image\/jpeg"}],"author":"Alba Cladellas","twitter_card":"summary_large_image","twitter_misc":{"Escrito por":"Alba Cladellas","Tiempo de lectura":"3 minutos"},"schema":{"@context":"https:\/\/schema.org","@graph":[{"@type":"Article","@id":"https:\/\/maisonroca.ad\/es\/nuestra-seleccion-de-joyas-para-el-dia-del-padre\/#article","isPartOf":{"@id":"https:\/\/maisonroca.ad\/es\/nuestra-seleccion-de-joyas-para-el-dia-del-padre\/"},"author":{"name":"Alba Cladellas","@id":"https:\/\/maisonroca.ad\/es\/#\/schema\/person\/fbb4d6d48b3192d655b25ec7df9a4f74"},"headline":"Nuestra selecci\u00f3n de joyas y relojes para el D\u00eda del Padre","datePublished":"2026-03-17T09:05:19+00:00","dateModified":"2026-03-17T09:13:06+00:00","mainEntityOfPage":{"@id":"https:\/\/maisonroca.ad\/es\/nuestra-seleccion-de-joyas-para-el-dia-del-padre\/"},"wordCount":405,"publisher":{"@id":"https:\/\/maisonroca.ad\/es\/#organization"},"image":{"@id":"https:\/\/maisonroca.ad\/es\/nuestra-seleccion-de-joyas-para-el-dia-del-padre\/#primaryimage"},"thumbnailUrl":"https:\/\/maisonroca.ad\/wp-content\/uploads\/2026\/03\/Braiding_131111PR_0068_RETOUCHED-copy-scaled.jpg","keywords":["bell &amp; ross","Breitling","diamantes","diamants","joieria Andorra","Maison Roca","novedades 2025","Oris","rellotgeria su\u00efssa","relojer\u00eda suiza"],"articleSection":["Relojer\u00eda exclusiva","Sin categorizar"],"inLanguage":"es"},{"@type":"WebPage","@id":"https:\/\/maisonroca.ad\/es\/nuestra-seleccion-de-joyas-para-el-dia-del-padre\/","url":"https:\/\/maisonroca.ad\/es\/nuestra-seleccion-de-joyas-para-el-dia-del-padre\/","name":"Nuestra selecci\u00f3n de joyas y relojes para el D\u00eda del Padre - Maison Roca","isPartOf":{"@id":"https:\/\/maisonroca.ad\/es\/#website"},"primaryImageOfPage":{"@id":"https:\/\/maisonroca.ad\/es\/nuestra-seleccion-de-joyas-para-el-dia-del-padre\/#primaryimage"},"image":{"@id":"https:\/\/maisonroca.ad\/es\/nuestra-seleccion-de-joyas-para-el-dia-del-padre\/#primaryimage"},"thumbnailUrl":"https:\/\/maisonroca.ad\/wp-content\/uploads\/2026\/03\/Braiding_131111PR_0068_RETOUCHED-copy-scaled.jpg","datePublished":"2026-03-17T09:05:19+00:00","dateModified":"2026-03-17T09:13:06+00:00","description":"Descubre en Maison Roca nuestra selecci\u00f3n de joyas y relojes para encontrar el detalle perfecto y celebrar a tu padre como se merece.","breadcrumb":{"@id":"https:\/\/maisonroca.ad\/es\/nuestra-seleccion-de-joyas-para-el-dia-del-padre\/#breadcrumb"},"inLanguage":"es","potentialAction":[{"@type":"ReadAction","target":["https:\/\/maisonroca.ad\/es\/nuestra-seleccion-de-joyas-para-el-dia-del-padre\/"]}]},{"@type":"ImageObject","inLanguage":"es","@id":"https:\/\/maisonroca.ad\/es\/nuestra-seleccion-de-joyas-para-el-dia-del-padre\/#primaryimage","url":"https:\/\/maisonroca.ad\/wp-content\/uploads\/2026\/03\/Braiding_131111PR_0068_RETOUCHED-copy-scaled.jpg","contentUrl":"https:\/\/maisonroca.ad\/wp-content\/uploads\/2026\/03\/Braiding_131111PR_0068_RETOUCHED-copy-scaled.jpg","width":2048,"height":1536},{"@type":"BreadcrumbList","@id":"https:\/\/maisonroca.ad\/es\/nuestra-seleccion-de-joyas-para-el-dia-del-padre\/#breadcrumb","itemListElement":[{"@type":"ListItem","position":1,"name":"Portada","item":"https:\/\/maisonroca.ad\/es\/"},{"@type":"ListItem","position":2,"name":"Nuestra selecci\u00f3n de joyas y relojes para el D\u00eda del Padre"}]},{"@type":"WebSite","@id":"https:\/\/maisonroca.ad\/es\/#website","url":"https:\/\/maisonroca.ad\/es\/","name":"Maison Roca","description":"Bold Luxury Life - joieria d&#039;autor - Andorra","publisher":{"@id":"https:\/\/maisonroca.ad\/es\/#organization"},"potentialAction":[{"@type":"SearchAction","target":{"@type":"EntryPoint","urlTemplate":"https:\/\/maisonroca.ad\/es\/?s={search_term_string}"},"query-input":{"@type":"PropertyValueSpecification","valueRequired":true,"valueName":"search_term_string"}}],"inLanguage":"es"},{"@type":"Organization","@id":"https:\/\/maisonroca.ad\/es\/#organization","name":"Maison Roca","url":"https:\/\/maisonroca.ad\/es\/","logo":{"@type":"ImageObject","inLanguage":"es","@id":"https:\/\/maisonroca.ad\/es\/#\/schema\/logo\/image\/","url":"https:\/\/maisonroca.ad\/wp-content\/uploads\/2023\/10\/icono.png","contentUrl":"https:\/\/maisonroca.ad\/wp-content\/uploads\/2023\/10\/icono.png","width":512,"height":512,"caption":"Maison Roca"},"image":{"@id":"https:\/\/maisonroca.ad\/es\/#\/schema\/logo\/image\/"},"sameAs":["https:\/\/www.facebook.com\/maisonroca","https:\/\/www.instagram.com\/maisonroca\/"]},{"@type":"Person","@id":"https:\/\/maisonroca.ad\/es\/#\/schema\/person\/fbb4d6d48b3192d655b25ec7df9a4f74","name":"Alba Cladellas","image":{"@type":"ImageObject","inLanguage":"es","@id":"https:\/\/secure.gravatar.com\/avatar\/bc6626a75b0c17f436b1a279bcc4d4435f1a5f6b32757a55be68089613b2deba?s=96&d=mm&r=g","url":"https:\/\/secure.gravatar.com\/avatar\/bc6626a75b0c17f436b1a279bcc4d4435f1a5f6b32757a55be68089613b2deba?s=96&d=mm&r=g","contentUrl":"https:\/\/secure.gravatar.com\/avatar\/bc6626a75b0c17f436b1a279bcc4d4435f1a5f6b32757a55be68089613b2deba?s=96&d=mm&r=g","caption":"Alba Cladellas"},"url":"https:\/\/maisonroca.ad\/es\/author\/acladellas\/"}]}},"_links":{"self":[{"href":"https:\/\/maisonroca.ad\/es\/wp-json\/wp\/v2\/posts\/85065","targetHints":{"allow":["GET"]}}],"collection":[{"href":"https:\/\/maisonroca.ad\/es\/wp-json\/wp\/v2\/posts"}],"about":[{"href":"https:\/\/maisonroca.ad\/es\/wp-json\/wp\/v2\/types\/post"}],"author":[{"embeddable":true,"href":"https:\/\/maisonroca.ad\/es\/wp-json\/wp\/v2\/users\/4"}],"replies":[{"embeddable":true,"href":"https:\/\/maisonroca.ad\/es\/wp-json\/wp\/v2\/comments?post=85065"}],"version-history":[{"count":1,"href":"https:\/\/maisonroca.ad\/es\/wp-json\/wp\/v2\/posts\/85065\/revisions"}],"predecessor-version":[{"id":85067,"href":"https:\/\/maisonroca.ad\/es\/wp-json\/wp\/v2\/posts\/85065\/revisions\/85067"}],"wp:featuredmedia":[{"embeddable":true,"href":"https:\/\/maisonroca.ad\/es\/wp-json\/wp\/v2\/media\/85047"}],"wp:attachment":[{"href":"https:\/\/maisonroca.ad\/es\/wp-json\/wp\/v2\/media?parent=85065"}],"wp:term":[{"taxonomy":"category","embeddable":true,"href":"https:\/\/maisonroca.ad\/es\/wp-json\/wp\/v2\/categories?post=85065"},{"taxonomy":"post_tag","embeddable":true,"href":"https:\/\/maisonroca.ad\/es\/wp-json\/wp\/v2\/tags?post=85065"}],"curies":[{"name":"wp","href":"https:\/\/api.w.org\/{rel}","templated":true}]}}