{"id":118419,"date":"2026-09-04T09:50:48","date_gmt":"2026-09-04T07:50:48","guid":{"rendered":"https:\/\/maisonroca.ad\/?p=118419"},"modified":"2026-09-04T10:12:07","modified_gmt":"2026-09-04T08:12:07","slug":"dinh-van-60-ans-liberte-et-creation","status":"publish","type":"post","link":"https:\/\/maisonroca.ad\/fr\/dinh-van-60-ans-liberte-et-creation\/","title":{"rendered":"dinh van : plus de 60 ans de libert\u00e9 et de cr\u00e9ation"},"content":{"rendered":"\t\t<div data-elementor-type=\"wp-post\" data-elementor-id=\"118419\" class=\"elementor elementor-118419 elementor-99825\" data-elementor-post-type=\"post\">\n\t\t\t\t\t<div class=\"elementor-element elementor-element-6c268a2 e-con e-atomic-element e-flexbox-base e-d728117 \" data-id=\"6c268a2\" data-element_type=\"e-flexbox\" data-e-type=\"e-flexbox\" data-interaction-id=\"6c268a2\" data-e-type=\"e-flexbox\" data-id=\"6c268a2\">\n    \t\t<div class=\"elementor-element elementor-element-46173ea elementor-widget elementor-widget-text-editor\" data-id=\"46173ea\" data-element_type=\"widget\" data-e-type=\"widget\" data-widget_type=\"text-editor.default\">\n\t\t\t\t\t\t\t\t\t<h2>Jean Dinh Van : sculpteur et joaillier<\/h2><p>N\u00e9 en 1927 \u00e0 Boulogne-Billancourt d\u2019une m\u00e8re bretonne et d\u2019un p\u00e8re laqueur vietnamien, Jean Dinh Van \u00e9tudie le dessin \u00e0 l\u2019\u00c9cole des Arts D\u00e9coratifs et le travail du m\u00e9tal \u00e0 l\u2019\u00c9cole de la Joaillerie de Paris.<\/p><p>Jean Dinh Van explore la mati\u00e8re en fa\u00e7onnant le m\u00e9tal selon son instinct. Il aime jouer avec l\u2019\u00e9quilibre des formes et des volumes, toujours \u00e0 la recherche de l\u2019essentiel. Il prend plaisir \u00e0 associer des mat\u00e9riaux qui, jusqu\u2019alors, n\u2019avaient jamais \u00e9t\u00e9 r\u00e9unis, comme l\u2019or et l\u2019acier.  <\/p><p>\u00ab Il m\u2019a suffi de toucher le m\u00e9tal pour que ma passion naisse : j\u2019adorais l\u2019or ! \u00bb \u2014 Jean Dinh Van<\/p><p><img fetchpriority=\"high\" decoding=\"async\" class=\"alignnone size-medium wp-image-99847 aligncenter\" src=\"https:\/\/maisonroca.ad\/wp-content\/uploads\/DINHVAN_100624_EJ_060_Bague-Pulse-3-rangs-Or-jaune-diamant-298x440.jpg\" alt=\"\" width=\"298\" height=\"440\" srcset=\"https:\/\/maisonroca.ad\/wp-content\/uploads\/DINHVAN_100624_EJ_060_Bague-Pulse-3-rangs-Or-jaune-diamant-298x440.jpg 298w, https:\/\/maisonroca.ad\/wp-content\/uploads\/DINHVAN_100624_EJ_060_Bague-Pulse-3-rangs-Or-jaune-diamant-541x800.jpg 541w, https:\/\/maisonroca.ad\/wp-content\/uploads\/DINHVAN_100624_EJ_060_Bague-Pulse-3-rangs-Or-jaune-diamant-11x16.jpg 11w, https:\/\/maisonroca.ad\/wp-content\/uploads\/DINHVAN_100624_EJ_060_Bague-Pulse-3-rangs-Or-jaune-diamant-600x887.jpg 600w, https:\/\/maisonroca.ad\/wp-content\/uploads\/DINHVAN_100624_EJ_060_Bague-Pulse-3-rangs-Or-jaune-diamant.jpg 702w\" sizes=\"(max-width: 298px) 100vw, 298px\" \/><\/p><p>En 1950, il rejoint Cartier, o\u00f9 il reste dix ans, d\u2019abord comme apprenti, puis comme joaillier. Il y d\u00e9veloppe ses talents cr\u00e9atifs, qu\u2019il exprime dans des pi\u00e8ces exceptionnelles serties de pierres pr\u00e9cieuses et destin\u00e9es aux grandes occasions. <\/p><h2>Iconoclaste : une nouvelle vision de la joaillerie<\/h2><p>Apr\u00e8s une d\u00e9cennie chez Cartier, Jean Dinh Van d\u00e9cide de suivre sa propre voie. Ce nouveau chapitre commence rue Sainte-Anne, \u00e0 Paris, o\u00f9 il collabore avec Jean Schlumberger. Plus tard, la cr\u00e9ation de sa propre Maison en 1965 et l\u2019ouverture d\u2019un atelier place Gaillon lui offrent l\u2019espace id\u00e9al pour d\u00e9velopper et exprimer sa vision singuli\u00e8re de la joaillerie.  <\/p><p>Alors que la joaillerie traditionnelle privil\u00e9gie les bagues aux formes arrondies, Jean Dinh Van mise sur des mod\u00e8les carr\u00e9s. De m\u00eame, il transforme des \u00e9l\u00e9ments habituellement discrets, comme les fermoirs, en protagonistes de ses cr\u00e9ations. Les collections Menottes dinh van et Serrure illustrent parfaitement cette r\u00e9interpr\u00e9tation audacieuse.  <\/p><p>\u00ab Le bijou doit refl\u00e9ter la personnalit\u00e9 de la femme qui le porte, car elle veut le montrer tout le temps, et non le sortir du coffre-fort uniquement pour une occasion sp\u00e9ciale. \u00bb \u2014 Jean Dinh Van<\/p><p>En 1967, il rencontre Marie-Fran\u00e7oise Bleustein-Blanchet, fille du fondateur de Publicis, qui l\u2019encourage \u00e0 s\u2019\u00e9loigner des circuits traditionnels de la joaillerie et \u00e0 commercialiser ses cr\u00e9ations au Drugstore Publicis, lequel deviendra le premier point de vente de la Maison.<\/p><h2>Le bijou du quotidien<\/h2><p>Comprendre la vision de Jean Dinh Van implique \u00e9galement de se replonger dans le contexte des ann\u00e9es 1960, une d\u00e9cennie marqu\u00e9e par une intense effervescence culturelle qui transforme de nombreuses disciplines et de multiples secteurs. Influenc\u00e9 par cet esprit de changement, Jean Dinh Van souhaite lib\u00e9rer le bijou des coffres-forts et l\u2019int\u00e9grer au quotidien, proposant ainsi une nouvelle mani\u00e8re d\u2019envisager la joaillerie. Il sait anticiper les aspirations de la femme moderne en d\u00e9fiant les codes traditionnels de la joaillerie et de la haute joaillerie.  <\/p><p>Des objets du quotidien, en apparence simples et fonctionnels \u2014 comme une cl\u00e9, une serrure, une lame de rasoir ou une punaise \u2014 deviennent entre ses mains de pr\u00e9cieux symboles. Gr\u00e2ce au m\u00e9tal, ces \u00e9l\u00e9ments acqui\u00e8rent une nouvelle dimension et une \u00e9l\u00e9gance inattendue. <\/p><p><img decoding=\"async\" class=\"size-medium wp-image-99843 aligncenter\" src=\"https:\/\/maisonroca.ad\/wp-content\/uploads\/751_9002_pendentif_Lame-de-Rasoir_or-jaune_visuel-2-317x440.jpg\" alt=\"\" width=\"317\" height=\"440\" srcset=\"https:\/\/maisonroca.ad\/wp-content\/uploads\/751_9002_pendentif_Lame-de-Rasoir_or-jaune_visuel-2-317x440.jpg 317w, https:\/\/maisonroca.ad\/wp-content\/uploads\/751_9002_pendentif_Lame-de-Rasoir_or-jaune_visuel-2-577x800.jpg 577w, https:\/\/maisonroca.ad\/wp-content\/uploads\/751_9002_pendentif_Lame-de-Rasoir_or-jaune_visuel-2-768x1065.jpg 768w, https:\/\/maisonroca.ad\/wp-content\/uploads\/751_9002_pendentif_Lame-de-Rasoir_or-jaune_visuel-2-12x16.jpg 12w, https:\/\/maisonroca.ad\/wp-content\/uploads\/751_9002_pendentif_Lame-de-Rasoir_or-jaune_visuel-2-600x832.jpg 600w, https:\/\/maisonroca.ad\/wp-content\/uploads\/751_9002_pendentif_Lame-de-Rasoir_or-jaune_visuel-2.jpg 865w\" sizes=\"(max-width: 317px) 100vw, 317px\" \/><\/p><p>\u00c0 travers ses cr\u00e9ations, Jean Dinh Van red\u00e9finit le luxe dans une perspective sobre et contemporaine : un luxe discret, sans ostentation, qui donne naissance \u00e0 des bijoux \u00e9pur\u00e9s jusqu\u2019\u00e0 l\u2019essentiel et con\u00e7us pour accompagner la vie quotidienne.<\/p><h2>L\u2019aventure am\u00e9ricaine de dinh van<\/h2><p>Jean Dinh Van se fait remarquer lors de l\u2019Exposition universelle de Montr\u00e9al en 1967, o\u00f9 il est s\u00e9lectionn\u00e9 parmi les quatre meilleurs joailliers fran\u00e7ais pour pr\u00e9senter ses cr\u00e9ations. Rep\u00e9r\u00e9es par les \u00e9quipes de Cartier New York, ses \u0153uvres sont rapidement distribu\u00e9es sur la Cinqui\u00e8me Avenue et \u00e0 Palm Beach, marquant un tournant d\u00e9cisif. <\/p><p>Pendant dix ans, il supervise la fabrication de ses bijoux dans les ateliers de Cartier New York. Les pi\u00e8ces, alors cosign\u00e9es Cartier et dinh van, sont distribu\u00e9es dans toute l\u2019Am\u00e9rique du Nord. <\/p><p>L\u2019aventure am\u00e9ricaine ne s\u2019arr\u00eate pas l\u00e0 : certaines de ses \u0153uvres se trouvent aujourd\u2019hui au Mus\u00e9e des Beaux-Arts de Boston.<\/p><p>En 1977, fort de cette influence, Jean Dinh Van ouvre sa propre boutique \u00e0 New York, sur la c\u00e9l\u00e8bre Madison Avenue.<\/p><h2>Le clan dinh van<\/h2><p>Figure de la sc\u00e8ne mondaine parisienne, Jean Dinh Van rencontre de nombreuses personnalit\u00e9s, parmi lesquelles Pierre Cardin et Paco Rabanne, avec lequel il collabore et donne naissance \u00e0 des cr\u00e9ations embl\u00e9matiques.<\/p><p>Entour\u00e9 de ces talents, il compose et cr\u00e9e un langage esth\u00e9tique original, dans lequel chaque bijou devient l\u2019expression d\u2019un style affranchi des codes traditionnels.<\/p><p>Le sculpteur C\u00e9sar Baldaccini fait \u00e9galement partie de son entourage. Jean Dinh Van lui demande d\u2019exposer dans sa boutique de la rue de la Paix un pendentif en forme de sein, moul\u00e9 sur celui de la danseuse Trucula Bonbon du cabaret Crazy Horse. <\/p><h2>La cl\u00e9 comme point de d\u00e9part<\/h2><p>Associant une forme \u00e9vocatrice \u00e0 une profonde port\u00e9e symbolique, cette sculpture-bijou r\u00e9alise une double synth\u00e8se, avant tout s\u00e9mantique, puisqu\u2019elle symbolise l\u2019attachement \u00e0 travers un motif que le cr\u00e9ateur utilisait quotidiennement.<\/p><p>\u00ab Les Menottes dinh van trouvent leur origine dans la cl\u00e9 d\u2019une serrure \u00bb, affirmait le joaillier. \u00ab \u00c0 partir de la pi\u00e8ce de m\u00e9tal que je tenais dans ma main pour ouvrir et fermer, j\u2019ai cr\u00e9\u00e9 cette Menotte. \u00bb <\/p><p>Il s\u2019agit \u00e9galement d\u2019une cr\u00e9ation artisanale, \u00e0 l\u2019image du fermoir du bijou Serrure, puisqu\u2019elle associe la souplesse n\u00e9cessaire pour faciliter l\u2019ouverture de la pi\u00e8ce \u00e0 la rigidit\u00e9 permettant d\u2019\u00e9viter toute d\u00e9formation.<\/p><p><img decoding=\"async\" class=\"wp-image-99844 size-medium aligncenter\" src=\"https:\/\/maisonroca.ad\/wp-content\/uploads\/Bracelet-jonc-argent-280x440.jpg\" alt=\"\" width=\"280\" height=\"440\" srcset=\"https:\/\/maisonroca.ad\/wp-content\/uploads\/Bracelet-jonc-argent-280x440.jpg 280w, https:\/\/maisonroca.ad\/wp-content\/uploads\/Bracelet-jonc-argent-509x800.jpg 509w, https:\/\/maisonroca.ad\/wp-content\/uploads\/Bracelet-jonc-argent-10x16.jpg 10w, https:\/\/maisonroca.ad\/wp-content\/uploads\/Bracelet-jonc-argent-600x943.jpg 600w, https:\/\/maisonroca.ad\/wp-content\/uploads\/Bracelet-jonc-argent.jpg 700w\" sizes=\"(max-width: 280px) 100vw, 280px\" \/><\/p><h2>Les cr\u00e9ations embl\u00e9matiques de dinh van<\/h2><h3><strong>Le Pav\u00e9 <\/strong><\/h3><p>Pour Jean Dinh Van, Le Pav\u00e9 repr\u00e9sente le symbole des manifestations \u00e9tudiantes qui \u00e9clatent au c\u0153ur de la Sorbonne en 1968. Au fil du temps, ce motif devient l\u2019embl\u00e8me d\u2019une joaillerie qui revendique l\u2019ind\u00e9pendance et la libert\u00e9 comme des composantes essentielles de son identit\u00e9. <\/p><p>Ce symbole de libert\u00e9 a \u00e9t\u00e9 r\u00e9interpr\u00e9t\u00e9 dans une collection compl\u00e8te, disponible en or jaune 18 carats et en argent.<\/p><p>Qu\u2019elle prenne la forme d\u2019une bague sculpturale ou d\u2019un pendentif g\u00e9om\u00e9trique, cette ic\u00f4ne \u2014 qui a marqu\u00e9 plusieurs g\u00e9n\u00e9rations \u2014 r\u00e9affirme la polyvalence et la modernit\u00e9 de son design contemporain, en s\u2019adaptant aux besoins des femmes et des hommes d\u2019aujourd\u2019hui.<\/p><p><img loading=\"lazy\" decoding=\"async\" class=\"alignnone size-medium wp-image-99842 aligncenter\" src=\"https:\/\/maisonroca.ad\/wp-content\/uploads\/DINHVAN_100624_EJ_200_Bracelet-Maillon-or-jaune-314x440.jpg\" alt=\"\" width=\"314\" height=\"440\" srcset=\"https:\/\/maisonroca.ad\/wp-content\/uploads\/DINHVAN_100624_EJ_200_Bracelet-Maillon-or-jaune-314x440.jpg 314w, https:\/\/maisonroca.ad\/wp-content\/uploads\/DINHVAN_100624_EJ_200_Bracelet-Maillon-or-jaune-572x800.jpg 572w, https:\/\/maisonroca.ad\/wp-content\/uploads\/DINHVAN_100624_EJ_200_Bracelet-Maillon-or-jaune-768x1075.jpg 768w, https:\/\/maisonroca.ad\/wp-content\/uploads\/DINHVAN_100624_EJ_200_Bracelet-Maillon-or-jaune-11x16.jpg 11w, https:\/\/maisonroca.ad\/wp-content\/uploads\/DINHVAN_100624_EJ_200_Bracelet-Maillon-or-jaune-600x840.jpg 600w, https:\/\/maisonroca.ad\/wp-content\/uploads\/DINHVAN_100624_EJ_200_Bracelet-Maillon-or-jaune.jpg 786w\" sizes=\"(max-width: 314px) 100vw, 314px\" \/><\/p><p>\u00c0 ces r\u00e9\u00e9ditions s\u2019ajoutent deux nouvelles versions du collier Pav\u00e9 en or jaune, auparavant propos\u00e9 uniquement en grande taille et d\u00e9sormais \u00e9galement disponible en petit et moyen formats. La collection comprend aussi diff\u00e9rentes d\u00e9clinaisons du collier Pav\u00e9 en or jaune, ainsi que plusieurs bracelets con\u00e7us comme de pr\u00e9cieux talismans du quotidien. <\/p><h3><strong>Serrure <\/strong><\/h3><p>Serrure, l\u2019une des pi\u00e8ces les plus embl\u00e9matiques de la Maison, voit le jour il y a plus de cinquante ans, en 1975. Enti\u00e8rement d\u00e9pourvue de m\u00e9canisme, cette cr\u00e9ation se distingue par la puret\u00e9 de ses lignes et son ing\u00e9niosit\u00e9 technique. <\/p><p>La pi\u00e8ce prend la forme d\u2019un ruban d\u2019or \u00e9tir\u00e9, d\u00e9licatement aplati \u00e0 l\u2019une de ses extr\u00e9mit\u00e9s par un l\u00e9ger coup de marteau. Son fermoir caract\u00e9ristique en forme de serrure constitue un syst\u00e8me d\u2019ouverture aussi fonctionnel qu\u2019\u00e9l\u00e9gant, pens\u00e9 pour un usage quotidien. <\/p><p><img loading=\"lazy\" decoding=\"async\" class=\"size-medium wp-image-99846 aligncenter\" src=\"https:\/\/maisonroca.ad\/wp-content\/uploads\/Collier20XL20argent-660x440.jpg\" alt=\"\" width=\"660\" height=\"440\" srcset=\"https:\/\/maisonroca.ad\/wp-content\/uploads\/Collier20XL20argent-660x440.jpg 660w, https:\/\/maisonroca.ad\/wp-content\/uploads\/Collier20XL20argent-768x512.jpg 768w, https:\/\/maisonroca.ad\/wp-content\/uploads\/Collier20XL20argent-16x11.jpg 16w, https:\/\/maisonroca.ad\/wp-content\/uploads\/Collier20XL20argent-600x400.jpg 600w, https:\/\/maisonroca.ad\/wp-content\/uploads\/Collier20XL20argent.jpg 1100w\" sizes=\"(max-width: 660px) 100vw, 660px\" \/><\/p><h3><strong>Bague Double: dinh van x rabanne<\/strong><\/h3><p>La Bague Double, con\u00e7ue pour Paco Rabanne, est une autre cr\u00e9ation embl\u00e9matique de la Maison r\u00e9cemment r\u00e9interpr\u00e9t\u00e9e.<\/p><p>Cr\u00e9\u00e9e par Jean Dinh Van en 1967 pour l\u2019un des d\u00e9fil\u00e9s du couturier, elle est alors qualifi\u00e9e par la presse de \u00ab bague des amours ind\u00e9fectibles \u00bb.<\/p><p><img loading=\"lazy\" decoding=\"async\" class=\"size-medium wp-image-99849 aligncenter\" src=\"https:\/\/maisonroca.ad\/wp-content\/uploads\/DINHVAN_100624_EJ_190_Collier-Menottes-dinh-van-R15-or-jaune-314x440.jpg\" alt=\"\" width=\"314\" height=\"440\" srcset=\"https:\/\/maisonroca.ad\/wp-content\/uploads\/DINHVAN_100624_EJ_190_Collier-Menottes-dinh-van-R15-or-jaune-314x440.jpg 314w, https:\/\/maisonroca.ad\/wp-content\/uploads\/DINHVAN_100624_EJ_190_Collier-Menottes-dinh-van-R15-or-jaune-572x800.jpg 572w, https:\/\/maisonroca.ad\/wp-content\/uploads\/DINHVAN_100624_EJ_190_Collier-Menottes-dinh-van-R15-or-jaune-768x1075.jpg 768w, https:\/\/maisonroca.ad\/wp-content\/uploads\/DINHVAN_100624_EJ_190_Collier-Menottes-dinh-van-R15-or-jaune-11x16.jpg 11w, https:\/\/maisonroca.ad\/wp-content\/uploads\/DINHVAN_100624_EJ_190_Collier-Menottes-dinh-van-R15-or-jaune-600x840.jpg 600w, https:\/\/maisonroca.ad\/wp-content\/uploads\/DINHVAN_100624_EJ_190_Collier-Menottes-dinh-van-R15-or-jaune.jpg 786w\" sizes=\"(max-width: 314px) 100vw, 314px\" \/><\/p><p>Taill\u00e9e dans de l\u2019or jaune et caract\u00e9ris\u00e9e par un motif carr\u00e9 ajour\u00e9, cette pi\u00e8ce se compose de deux anneaux inspir\u00e9s de boucles de ceinture, reli\u00e9s par la c\u00e9l\u00e8bre cha\u00eene de la Maison.<\/p><p>Fid\u00e8le \u00e0 son dessin d\u2019origine, elle est \u00e9galement propos\u00e9e en argent. Il s\u2019agit de la m\u00eame cr\u00e9ation que celle pr\u00e9sent\u00e9e en 2025 par le Mus\u00e9e du Louvre dans le cadre de l\u2019exposition Louvre Couture : objets d\u2019art, objets de mode.<br\/> <\/p>\t\t\t\t\t\t\t\t<\/div>\n\t\t\n<\/div>\n\t\t<\/div>\n\t\t","protected":false},"excerpt":{"rendered":"<p>Jean Dinh Van : sculpteur et joaillier N\u00e9 en 1927 \u00e0 Boulogne-Billancourt d\u2019une m\u00e8re bretonne et d\u2019un p\u00e8re laqueur vietnamien, Jean Dinh Van \u00e9tudie le dessin \u00e0 l\u2019\u00c9cole des Arts D\u00e9coratifs et le travail du m\u00e9tal \u00e0 l\u2019\u00c9cole de la Joaillerie de Paris. Jean Dinh Van explore la mati\u00e8re en fa\u00e7onnant le m\u00e9tal selon son [&hellip;]<\/p>\n","protected":false},"author":1,"featured_media":113101,"comment_status":"closed","ping_status":"open","sticky":false,"template":"","format":"standard","meta":{"footnotes":""},"categories":[635,613],"tags":[],"class_list":["post-118419","post","type-post","status-publish","format-standard","has-post-thumbnail","hentry","category-bijoux-d-auteur","category-non-classe"],"yoast_head":"<!-- This site is optimized with the Yoast SEO plugin v28.3 - https:\/\/yoast.com\/product\/yoast-seo-wordpress\/ -->\n<title>dinh van : plus de 60 ans de libert\u00e9 et de cr\u00e9ation - Maison Roca<\/title>\n<meta name=\"description\" content=\"Jean Dinh Van explore la mati\u00e8re en fa\u00e7onnant le m\u00e9tal selon son instinct.\" \/>\n<meta name=\"robots\" content=\"index, follow, max-snippet:-1, max-image-preview:large, max-video-preview:-1\" \/>\n<link rel=\"canonical\" href=\"https:\/\/maisonroca.ad\/fr\/dinh-van-60-ans-liberte-et-creation\/\" \/>\n<meta property=\"og:locale\" content=\"fr_FR\" \/>\n<meta property=\"og:type\" content=\"article\" \/>\n<meta property=\"og:title\" content=\"dinh van : plus de 60 ans de libert\u00e9 et de cr\u00e9ation - Maison Roca\" \/>\n<meta property=\"og:description\" content=\"Jean Dinh Van explore la mati\u00e8re en fa\u00e7onnant le m\u00e9tal selon son instinct.\" \/>\n<meta property=\"og:url\" content=\"https:\/\/maisonroca.ad\/fr\/dinh-van-60-ans-liberte-et-creation\/\" \/>\n<meta property=\"og:site_name\" content=\"Maison Roca\" \/>\n<meta property=\"article:published_time\" content=\"2026-09-04T07:50:48+00:00\" \/>\n<meta property=\"article:modified_time\" content=\"2026-09-04T08:12:07+00:00\" \/>\n<meta property=\"og:image\" content=\"https:\/\/maisonroca.ad\/wp-content\/uploads\/Capture-decran-2025-06-12-a-10.11.39.jpg\" \/>\n\t<meta property=\"og:image:width\" content=\"1100\" \/>\n\t<meta property=\"og:image:height\" content=\"818\" \/>\n\t<meta property=\"og:image:type\" content=\"image\/jpeg\" \/>\n<meta name=\"author\" content=\"lavall\" \/>\n<meta name=\"twitter:card\" content=\"summary_large_image\" \/>\n<meta name=\"twitter:label1\" content=\"\u00c9crit par\" \/>\n\t<meta name=\"twitter:data1\" content=\"lavall\" \/>\n\t<meta name=\"twitter:label2\" content=\"Dur\u00e9e de lecture estim\u00e9e\" \/>\n\t<meta name=\"twitter:data2\" content=\"8 minutes\" \/>\n<script type=\"application\/ld+json\" class=\"yoast-schema-graph\">{\"@context\":\"https:\\\/\\\/schema.org\",\"@graph\":[{\"@type\":\"Article\",\"@id\":\"https:\\\/\\\/maisonroca.ad\\\/fr\\\/dinh-van-60-ans-liberte-et-creation\\\/#article\",\"isPartOf\":{\"@id\":\"https:\\\/\\\/maisonroca.ad\\\/fr\\\/dinh-van-60-ans-liberte-et-creation\\\/\"},\"author\":{\"name\":\"lavall\",\"@id\":\"https:\\\/\\\/maisonroca.ad\\\/fr\\\/#\\\/schema\\\/person\\\/9207b3e049d101033d429e6662cfdd55\"},\"headline\":\"dinh van : plus de 60 ans de libert\u00e9 et de cr\u00e9ation\",\"datePublished\":\"2026-09-04T07:50:48+00:00\",\"dateModified\":\"2026-09-04T08:12:07+00:00\",\"mainEntityOfPage\":{\"@id\":\"https:\\\/\\\/maisonroca.ad\\\/fr\\\/dinh-van-60-ans-liberte-et-creation\\\/\"},\"wordCount\":1386,\"publisher\":{\"@id\":\"https:\\\/\\\/maisonroca.ad\\\/fr\\\/#organization\"},\"image\":{\"@id\":\"https:\\\/\\\/maisonroca.ad\\\/fr\\\/dinh-van-60-ans-liberte-et-creation\\\/#primaryimage\"},\"thumbnailUrl\":\"https:\\\/\\\/maisonroca.ad\\\/wp-content\\\/uploads\\\/Capture-decran-2025-06-12-a-10.11.39.jpg\",\"articleSection\":[\"Bijoux d\u2019auteur\"],\"inLanguage\":\"fr-FR\"},{\"@type\":\"WebPage\",\"@id\":\"https:\\\/\\\/maisonroca.ad\\\/fr\\\/dinh-van-60-ans-liberte-et-creation\\\/\",\"url\":\"https:\\\/\\\/maisonroca.ad\\\/fr\\\/dinh-van-60-ans-liberte-et-creation\\\/\",\"name\":\"dinh van : plus de 60 ans de libert\u00e9 et de cr\u00e9ation - Maison Roca\",\"isPartOf\":{\"@id\":\"https:\\\/\\\/maisonroca.ad\\\/fr\\\/#website\"},\"primaryImageOfPage\":{\"@id\":\"https:\\\/\\\/maisonroca.ad\\\/fr\\\/dinh-van-60-ans-liberte-et-creation\\\/#primaryimage\"},\"image\":{\"@id\":\"https:\\\/\\\/maisonroca.ad\\\/fr\\\/dinh-van-60-ans-liberte-et-creation\\\/#primaryimage\"},\"thumbnailUrl\":\"https:\\\/\\\/maisonroca.ad\\\/wp-content\\\/uploads\\\/Capture-decran-2025-06-12-a-10.11.39.jpg\",\"datePublished\":\"2026-09-04T07:50:48+00:00\",\"dateModified\":\"2026-09-04T08:12:07+00:00\",\"description\":\"Jean Dinh Van explore la mati\u00e8re en fa\u00e7onnant le m\u00e9tal selon son instinct.\",\"breadcrumb\":{\"@id\":\"https:\\\/\\\/maisonroca.ad\\\/fr\\\/dinh-van-60-ans-liberte-et-creation\\\/#breadcrumb\"},\"inLanguage\":\"fr-FR\",\"potentialAction\":[{\"@type\":\"ReadAction\",\"target\":[\"https:\\\/\\\/maisonroca.ad\\\/fr\\\/dinh-van-60-ans-liberte-et-creation\\\/\"]}]},{\"@type\":\"ImageObject\",\"inLanguage\":\"fr-FR\",\"@id\":\"https:\\\/\\\/maisonroca.ad\\\/fr\\\/dinh-van-60-ans-liberte-et-creation\\\/#primaryimage\",\"url\":\"https:\\\/\\\/maisonroca.ad\\\/wp-content\\\/uploads\\\/Capture-decran-2025-06-12-a-10.11.39.jpg\",\"contentUrl\":\"https:\\\/\\\/maisonroca.ad\\\/wp-content\\\/uploads\\\/Capture-decran-2025-06-12-a-10.11.39.jpg\",\"width\":1100,\"height\":818},{\"@type\":\"BreadcrumbList\",\"@id\":\"https:\\\/\\\/maisonroca.ad\\\/fr\\\/dinh-van-60-ans-liberte-et-creation\\\/#breadcrumb\",\"itemListElement\":[{\"@type\":\"ListItem\",\"position\":1,\"name\":\"Inici\",\"item\":\"https:\\\/\\\/maisonroca.ad\\\/fr\\\/\"},{\"@type\":\"ListItem\",\"position\":2,\"name\":\"dinh van : plus de 60 ans de libert\u00e9 et de cr\u00e9ation\"}]},{\"@type\":\"WebSite\",\"@id\":\"https:\\\/\\\/maisonroca.ad\\\/fr\\\/#website\",\"url\":\"https:\\\/\\\/maisonroca.ad\\\/fr\\\/\",\"name\":\"Maison Roca\",\"description\":\"Joieria de luxe a Andorra\",\"publisher\":{\"@id\":\"https:\\\/\\\/maisonroca.ad\\\/fr\\\/#organization\"},\"potentialAction\":[{\"@type\":\"SearchAction\",\"target\":{\"@type\":\"EntryPoint\",\"urlTemplate\":\"https:\\\/\\\/maisonroca.ad\\\/fr\\\/?s={search_term_string}\"},\"query-input\":{\"@type\":\"PropertyValueSpecification\",\"valueRequired\":true,\"valueName\":\"search_term_string\"}}],\"inLanguage\":\"fr-FR\"},{\"@type\":\"Organization\",\"@id\":\"https:\\\/\\\/maisonroca.ad\\\/fr\\\/#organization\",\"name\":\"Maison Roca\",\"url\":\"https:\\\/\\\/maisonroca.ad\\\/fr\\\/\",\"logo\":{\"@type\":\"ImageObject\",\"inLanguage\":\"fr-FR\",\"@id\":\"https:\\\/\\\/maisonroca.ad\\\/fr\\\/#\\\/schema\\\/logo\\\/image\\\/\",\"url\":\"https:\\\/\\\/maisonroca.ad\\\/wp-content\\\/uploads\\\/maison-roca-logo.png\",\"contentUrl\":\"https:\\\/\\\/maisonroca.ad\\\/wp-content\\\/uploads\\\/maison-roca-logo.png\",\"width\":1298,\"height\":222,\"caption\":\"Maison Roca\"},\"image\":{\"@id\":\"https:\\\/\\\/maisonroca.ad\\\/fr\\\/#\\\/schema\\\/logo\\\/image\\\/\"},\"sameAs\":[\"https:\\\/\\\/www.instagram.com\\\/maisonroca\\\/\"],\"hasMerchantReturnPolicy\":{\"@type\":\"MerchantReturnPolicy\",\"merchantReturnLink\":\"https:\\\/\\\/maisonroca.ad\\\/avis-legal\\\/\"}},{\"@type\":\"Person\",\"@id\":\"https:\\\/\\\/maisonroca.ad\\\/fr\\\/#\\\/schema\\\/person\\\/9207b3e049d101033d429e6662cfdd55\",\"name\":\"lavall\",\"image\":{\"@type\":\"ImageObject\",\"inLanguage\":\"fr-FR\",\"@id\":\"https:\\\/\\\/secure.gravatar.com\\\/avatar\\\/e49573f17c85e07c032a298d98ca3093783a799ce231fd9f8cc353dea7f605a0?s=96&d=mm&r=g\",\"url\":\"https:\\\/\\\/secure.gravatar.com\\\/avatar\\\/e49573f17c85e07c032a298d98ca3093783a799ce231fd9f8cc353dea7f605a0?s=96&d=mm&r=g\",\"contentUrl\":\"https:\\\/\\\/secure.gravatar.com\\\/avatar\\\/e49573f17c85e07c032a298d98ca3093783a799ce231fd9f8cc353dea7f605a0?s=96&d=mm&r=g\",\"caption\":\"lavall\"},\"sameAs\":[\"https:\\\/\\\/maisonroca.ad\"],\"url\":\"https:\\\/\\\/maisonroca.ad\\\/fr\\\/author\\\/lavall\\\/\"}]}<\/script>\n<!-- \/ Yoast SEO plugin. -->","yoast_head_json":{"title":"dinh van : plus de 60 ans de libert\u00e9 et de cr\u00e9ation - Maison Roca","description":"Jean Dinh Van explore la mati\u00e8re en fa\u00e7onnant le m\u00e9tal selon son instinct.","robots":{"index":"index","follow":"follow","max-snippet":"max-snippet:-1","max-image-preview":"max-image-preview:large","max-video-preview":"max-video-preview:-1"},"canonical":"https:\/\/maisonroca.ad\/fr\/dinh-van-60-ans-liberte-et-creation\/","og_locale":"fr_FR","og_type":"article","og_title":"dinh van : plus de 60 ans de libert\u00e9 et de cr\u00e9ation - Maison Roca","og_description":"Jean Dinh Van explore la mati\u00e8re en fa\u00e7onnant le m\u00e9tal selon son instinct.","og_url":"https:\/\/maisonroca.ad\/fr\/dinh-van-60-ans-liberte-et-creation\/","og_site_name":"Maison Roca","article_published_time":"2026-09-04T07:50:48+00:00","article_modified_time":"2026-09-04T08:12:07+00:00","og_image":[{"width":1100,"height":818,"url":"https:\/\/maisonroca.ad\/wp-content\/uploads\/Capture-decran-2025-06-12-a-10.11.39.jpg","type":"image\/jpeg"}],"author":"lavall","twitter_card":"summary_large_image","twitter_misc":{"\u00c9crit par":"lavall","Dur\u00e9e de lecture estim\u00e9e":"8 minutes"},"schema":{"@context":"https:\/\/schema.org","@graph":[{"@type":"Article","@id":"https:\/\/maisonroca.ad\/fr\/dinh-van-60-ans-liberte-et-creation\/#article","isPartOf":{"@id":"https:\/\/maisonroca.ad\/fr\/dinh-van-60-ans-liberte-et-creation\/"},"author":{"name":"lavall","@id":"https:\/\/maisonroca.ad\/fr\/#\/schema\/person\/9207b3e049d101033d429e6662cfdd55"},"headline":"dinh van : plus de 60 ans de libert\u00e9 et de cr\u00e9ation","datePublished":"2026-09-04T07:50:48+00:00","dateModified":"2026-09-04T08:12:07+00:00","mainEntityOfPage":{"@id":"https:\/\/maisonroca.ad\/fr\/dinh-van-60-ans-liberte-et-creation\/"},"wordCount":1386,"publisher":{"@id":"https:\/\/maisonroca.ad\/fr\/#organization"},"image":{"@id":"https:\/\/maisonroca.ad\/fr\/dinh-van-60-ans-liberte-et-creation\/#primaryimage"},"thumbnailUrl":"https:\/\/maisonroca.ad\/wp-content\/uploads\/Capture-decran-2025-06-12-a-10.11.39.jpg","articleSection":["Bijoux d\u2019auteur"],"inLanguage":"fr-FR"},{"@type":"WebPage","@id":"https:\/\/maisonroca.ad\/fr\/dinh-van-60-ans-liberte-et-creation\/","url":"https:\/\/maisonroca.ad\/fr\/dinh-van-60-ans-liberte-et-creation\/","name":"dinh van : plus de 60 ans de libert\u00e9 et de cr\u00e9ation - Maison Roca","isPartOf":{"@id":"https:\/\/maisonroca.ad\/fr\/#website"},"primaryImageOfPage":{"@id":"https:\/\/maisonroca.ad\/fr\/dinh-van-60-ans-liberte-et-creation\/#primaryimage"},"image":{"@id":"https:\/\/maisonroca.ad\/fr\/dinh-van-60-ans-liberte-et-creation\/#primaryimage"},"thumbnailUrl":"https:\/\/maisonroca.ad\/wp-content\/uploads\/Capture-decran-2025-06-12-a-10.11.39.jpg","datePublished":"2026-09-04T07:50:48+00:00","dateModified":"2026-09-04T08:12:07+00:00","description":"Jean Dinh Van explore la mati\u00e8re en fa\u00e7onnant le m\u00e9tal selon son instinct.","breadcrumb":{"@id":"https:\/\/maisonroca.ad\/fr\/dinh-van-60-ans-liberte-et-creation\/#breadcrumb"},"inLanguage":"fr-FR","potentialAction":[{"@type":"ReadAction","target":["https:\/\/maisonroca.ad\/fr\/dinh-van-60-ans-liberte-et-creation\/"]}]},{"@type":"ImageObject","inLanguage":"fr-FR","@id":"https:\/\/maisonroca.ad\/fr\/dinh-van-60-ans-liberte-et-creation\/#primaryimage","url":"https:\/\/maisonroca.ad\/wp-content\/uploads\/Capture-decran-2025-06-12-a-10.11.39.jpg","contentUrl":"https:\/\/maisonroca.ad\/wp-content\/uploads\/Capture-decran-2025-06-12-a-10.11.39.jpg","width":1100,"height":818},{"@type":"BreadcrumbList","@id":"https:\/\/maisonroca.ad\/fr\/dinh-van-60-ans-liberte-et-creation\/#breadcrumb","itemListElement":[{"@type":"ListItem","position":1,"name":"Inici","item":"https:\/\/maisonroca.ad\/fr\/"},{"@type":"ListItem","position":2,"name":"dinh van : plus de 60 ans de libert\u00e9 et de cr\u00e9ation"}]},{"@type":"WebSite","@id":"https:\/\/maisonroca.ad\/fr\/#website","url":"https:\/\/maisonroca.ad\/fr\/","name":"Maison Roca","description":"Joieria de luxe a Andorra","publisher":{"@id":"https:\/\/maisonroca.ad\/fr\/#organization"},"potentialAction":[{"@type":"SearchAction","target":{"@type":"EntryPoint","urlTemplate":"https:\/\/maisonroca.ad\/fr\/?s={search_term_string}"},"query-input":{"@type":"PropertyValueSpecification","valueRequired":true,"valueName":"search_term_string"}}],"inLanguage":"fr-FR"},{"@type":"Organization","@id":"https:\/\/maisonroca.ad\/fr\/#organization","name":"Maison Roca","url":"https:\/\/maisonroca.ad\/fr\/","logo":{"@type":"ImageObject","inLanguage":"fr-FR","@id":"https:\/\/maisonroca.ad\/fr\/#\/schema\/logo\/image\/","url":"https:\/\/maisonroca.ad\/wp-content\/uploads\/maison-roca-logo.png","contentUrl":"https:\/\/maisonroca.ad\/wp-content\/uploads\/maison-roca-logo.png","width":1298,"height":222,"caption":"Maison Roca"},"image":{"@id":"https:\/\/maisonroca.ad\/fr\/#\/schema\/logo\/image\/"},"sameAs":["https:\/\/www.instagram.com\/maisonroca\/"],"hasMerchantReturnPolicy":{"@type":"MerchantReturnPolicy","merchantReturnLink":"https:\/\/maisonroca.ad\/avis-legal\/"}},{"@type":"Person","@id":"https:\/\/maisonroca.ad\/fr\/#\/schema\/person\/9207b3e049d101033d429e6662cfdd55","name":"lavall","image":{"@type":"ImageObject","inLanguage":"fr-FR","@id":"https:\/\/secure.gravatar.com\/avatar\/e49573f17c85e07c032a298d98ca3093783a799ce231fd9f8cc353dea7f605a0?s=96&d=mm&r=g","url":"https:\/\/secure.gravatar.com\/avatar\/e49573f17c85e07c032a298d98ca3093783a799ce231fd9f8cc353dea7f605a0?s=96&d=mm&r=g","contentUrl":"https:\/\/secure.gravatar.com\/avatar\/e49573f17c85e07c032a298d98ca3093783a799ce231fd9f8cc353dea7f605a0?s=96&d=mm&r=g","caption":"lavall"},"sameAs":["https:\/\/maisonroca.ad"],"url":"https:\/\/maisonroca.ad\/fr\/author\/lavall\/"}]}},"_links":{"self":[{"href":"https:\/\/maisonroca.ad\/fr\/wp-json\/wp\/v2\/posts\/118419","targetHints":{"allow":["GET"]}}],"collection":[{"href":"https:\/\/maisonroca.ad\/fr\/wp-json\/wp\/v2\/posts"}],"about":[{"href":"https:\/\/maisonroca.ad\/fr\/wp-json\/wp\/v2\/types\/post"}],"author":[{"embeddable":true,"href":"https:\/\/maisonroca.ad\/fr\/wp-json\/wp\/v2\/users\/1"}],"replies":[{"embeddable":true,"href":"https:\/\/maisonroca.ad\/fr\/wp-json\/wp\/v2\/comments?post=118419"}],"version-history":[{"count":3,"href":"https:\/\/maisonroca.ad\/fr\/wp-json\/wp\/v2\/posts\/118419\/revisions"}],"predecessor-version":[{"id":118422,"href":"https:\/\/maisonroca.ad\/fr\/wp-json\/wp\/v2\/posts\/118419\/revisions\/118422"}],"wp:featuredmedia":[{"embeddable":true,"href":"https:\/\/maisonroca.ad\/fr\/wp-json\/wp\/v2\/media\/113101"}],"wp:attachment":[{"href":"https:\/\/maisonroca.ad\/fr\/wp-json\/wp\/v2\/media?parent=118419"}],"wp:term":[{"taxonomy":"category","embeddable":true,"href":"https:\/\/maisonroca.ad\/fr\/wp-json\/wp\/v2\/categories?post=118419"},{"taxonomy":"post_tag","embeddable":true,"href":"https:\/\/maisonroca.ad\/fr\/wp-json\/wp\/v2\/tags?post=118419"}],"curies":[{"name":"wp","href":"https:\/\/api.w.org\/{rel}","templated":true}]}}