{"id":85069,"date":"2026-03-17T10:05:19","date_gmt":"2026-03-17T09:05:19","guid":{"rendered":"https:\/\/maisonroca.ad\/la-nostra-seleccio-de-joies-i-rellotges-per-al-dia-del-pare\/"},"modified":"2026-03-17T10:24:36","modified_gmt":"2026-03-17T09:24:36","slug":"notre-selection-de-bijoux-et-montres-pour-la-fete-des-peres","status":"publish","type":"post","link":"https:\/\/maisonroca.ad\/fr\/notre-selection-de-bijoux-et-montres-pour-la-fete-des-peres\/","title":{"rendered":"Notre s\u00e9lection de bijoux et montres pour la F\u00eate des P\u00e8res"},"content":{"rendered":"\n<p>La F\u00eate des P\u00e8res est l\u2019occasion id\u00e9ale de c\u00e9l\u00e9brer ces figures qui nous ont guid\u00e9s, inspir\u00e9s et accompagn\u00e9s tout au long de notre vie. Une journ\u00e9e pour leur t\u00e9moigner notre gratitude avec un cadeau sp\u00e9cial : une pi\u00e8ce pens\u00e9e pour durer et devenir un souvenir pour toujours.<\/p>\n\n\n\n<p>Chez Maison Roca, nous avons pr\u00e9par\u00e9 une s\u00e9lection de bijoux et de montres pour le surprendre avec \u00e9l\u00e9gance et personnalit\u00e9.<\/p>\n\n\n\n<h2 class=\"wp-block-heading\" id=\"h-bijoux-masculins-de-caractere\"><strong><strong>Bijoux masculins de caract\u00e8re<\/strong><\/strong><\/h2>\n\n\n\n<p>La joaillerie masculine est de plus en plus pr\u00e9sente dans le style contemporain. Des pi\u00e8ces subtiles mais pleines de personnalit\u00e9, capables d\u2019accompagner le quotidien avec \u00e9l\u00e9gance.<\/p>\n\n\n\n<p>Parmi notre s\u00e9lection, se distinguent les cr\u00e9ations de <strong>FRED<\/strong>, avec des designs iconiques alliant sophistication et modernit\u00e9, ainsi que les bracelets de <strong>Shamballa Jewels<\/strong>, connus pour leur style distinctif et leur symbolisme, que vous pouvez personnaliser \u00e0 votre go\u00fbt dans la boutique de l\u2019Av. Meritxell, 18.<\/p>\n\n\n\n<figure class=\"wp-block-image size-large\"><img fetchpriority=\"high\" decoding=\"async\" width=\"1024\" height=\"640\" src=\"https:\/\/maisonroca.ad\/wp-content\/uploads\/2026\/03\/maison_roca_shamballa_jewels_bracalet-1024x640.png\" alt=\"\" class=\"wp-image-85060\" srcset=\"https:\/\/maisonroca.ad\/wp-content\/uploads\/2026\/03\/maison_roca_shamballa_jewels_bracalet-1024x640.png 1024w, https:\/\/maisonroca.ad\/wp-content\/uploads\/2026\/03\/maison_roca_shamballa_jewels_bracalet-300x188.png 300w, https:\/\/maisonroca.ad\/wp-content\/uploads\/2026\/03\/maison_roca_shamballa_jewels_bracalet-768x480.png 768w, https:\/\/maisonroca.ad\/wp-content\/uploads\/2026\/03\/maison_roca_shamballa_jewels_bracalet-1536x960.png 1536w, https:\/\/maisonroca.ad\/wp-content\/uploads\/2026\/03\/maison_roca_shamballa_jewels_bracalet-600x375.png 600w, https:\/\/maisonroca.ad\/wp-content\/uploads\/2026\/03\/maison_roca_shamballa_jewels_bracalet.png 2000w\" sizes=\"(max-width: 1024px) 100vw, 1024px\" \/><\/figure>\n\n\n\n<p>Vous trouverez \u00e9galement les pi\u00e8ces de <strong>Messika<\/strong>, qui proposent une interpr\u00e9tation contemporaine du diamant avec des lignes \u00e9l\u00e9gantes et minimalistes, id\u00e9ales pour les hommes \u00e0 la recherche d\u2019une touche discr\u00e8te mais raffin\u00e9e. Ainsi que la collection menottes de <strong>dinh van<\/strong>.<\/p>\n\n\n\n<h2 class=\"wp-block-heading\" id=\"h-des-montres-qui-marquent-chaque-instant\"><strong><strong>Des montres qui marquent chaque instant<\/strong><\/strong><\/h2>\n\n\n\n<p>Une montre est bien plus qu\u2019un accessoire : c\u2019est une pi\u00e8ce qui accompagne chaque moment de la journ\u00e9e et qui devient souvent un souvenir pour toute la vie.<\/p>\n\n\n\n<figure class=\"wp-block-image size-large\"><img decoding=\"async\" width=\"1024\" height=\"640\" src=\"https:\/\/maisonroca.ad\/wp-content\/uploads\/2026\/03\/breitling_austin_butler_maison_roca-1024x640.png\" alt=\"\" class=\"wp-image-85056\" srcset=\"https:\/\/maisonroca.ad\/wp-content\/uploads\/2026\/03\/breitling_austin_butler_maison_roca-1024x640.png 1024w, https:\/\/maisonroca.ad\/wp-content\/uploads\/2026\/03\/breitling_austin_butler_maison_roca-300x188.png 300w, https:\/\/maisonroca.ad\/wp-content\/uploads\/2026\/03\/breitling_austin_butler_maison_roca-768x480.png 768w, https:\/\/maisonroca.ad\/wp-content\/uploads\/2026\/03\/breitling_austin_butler_maison_roca-1536x960.png 1536w, https:\/\/maisonroca.ad\/wp-content\/uploads\/2026\/03\/breitling_austin_butler_maison_roca-600x375.png 600w, https:\/\/maisonroca.ad\/wp-content\/uploads\/2026\/03\/breitling_austin_butler_maison_roca.png 2000w\" sizes=\"(max-width: 1024px) 100vw, 1024px\" \/><\/figure>\n\n\n\n<p>Parmi notre s\u00e9lection pour la F\u00eate des P\u00e8res, vous trouverez la Super Chronomat de <strong>Breitling<\/strong>, une marque reconnue pour sa pr\u00e9cision, son caract\u00e8re sportif et son design inimitable.<\/p>\n\n\n\n<p>De plus, dans la boutique Maison Roca de l\u2019Av. Meritxell, 50, vous pourrez d\u00e9couvrir une large s\u00e9lection de montres de marques prestigieuses telles que <strong>Bell &amp; Ross, Baume &amp; Mercier, Oris, Vulcain et Hamilton<\/strong>, avec des mod\u00e8les allant de l\u2019\u00e9l\u00e9gance classique au style le plus sportif et contemporain.<\/p>\n\n\n\n<h2 class=\"wp-block-heading\" id=\"h-un-cadeau-qui-durera-toujours\"><strong><strong>Un cadeau qui durera toujours<\/strong><\/strong><\/h2>\n\n\n\n<p>Choisir une pi\u00e8ce de joaillerie ou une montre, c\u2019est bien plus qu\u2019offrir un cadeau: c\u2019est proposer un objet qui l\u2019accompagnera pendant de nombreuses ann\u00e9es et qui, avec le temps, deviendra un souvenir charg\u00e9 de sens.<\/p>\n\n\n\n<p>Pour cette F\u00eate des P\u00e8res, d\u00e9couvrez notre s\u00e9lection chez Maison Roca et <a href=\"https:\/\/maisonroca.ad\/fr\/horlogerie\/\">trouvez le cadeau parfait<\/a> pour le c\u00e9l\u00e9brer comme il le m\u00e9rite.<\/p>\n\n\n\n<p><\/p>\n","protected":false},"excerpt":{"rendered":"<p>La F\u00eate des P\u00e8res est l\u2019occasion id\u00e9ale de c\u00e9l\u00e9brer ces figures qui nous ont guid\u00e9s, inspir\u00e9s et accompagn\u00e9s tout au long de notre vie. Une journ\u00e9e pour leur t\u00e9moigner notre gratitude avec un cadeau sp\u00e9cial : une pi\u00e8ce pens\u00e9e pour durer et devenir un souvenir pour toujours. Chez Maison Roca, nous avons pr\u00e9par\u00e9 une s\u00e9lection [&hellip;]<\/p>\n","protected":false},"author":4,"featured_media":85046,"comment_status":"closed","ping_status":"closed","sticky":false,"template":"","format":"standard","meta":{"_acf_changed":false,"_monsterinsights_skip_tracking":false,"_monsterinsights_sitenote_active":false,"_monsterinsights_sitenote_note":"","_monsterinsights_sitenote_category":0,"footnotes":""},"categories":[2524,374],"tags":[3268,2715,3409,3356,3046,3161,3066,3872],"class_list":["post-85069","post","type-post","status-publish","format-standard","has-post-thumbnail","hentry","category-horlogerie-exclusive","category-non-classifiee","tag-bell-ross-5","tag-breitling-fr","tag-diamants-5","tag-horlogerie-suisse","tag-maison-roca-fr","tag-montre-suisse","tag-nouveautes-2025","tag-oris"],"acf":[],"yoast_head":"<!-- This site is optimized with the Yoast SEO Premium plugin v26.8 (Yoast SEO v27.4) - https:\/\/yoast.com\/product\/yoast-seo-premium-wordpress\/ -->\n<title>Notre s\u00e9lection de bijoux et montres pour la F\u00eate des P\u00e8res - Maison Roca<\/title>\n<meta name=\"description\" content=\"D\u00e9couvrez chez Maison Roca notre s\u00e9lection de bijoux et montres pour c\u00e9l\u00e9brer votre p\u00e8re comme il le m\u00e9rite.\" \/>\n<meta name=\"robots\" content=\"index, follow, max-snippet:-1, max-image-preview:large, max-video-preview:-1\" \/>\n<link rel=\"canonical\" href=\"https:\/\/maisonroca.ad\/fr\/notre-selection-de-bijoux-et-montres-pour-la-fete-des-peres\/\" \/>\n<meta property=\"og:locale\" content=\"fr_FR\" \/>\n<meta property=\"og:type\" content=\"article\" \/>\n<meta property=\"og:title\" content=\"Notre s\u00e9lection de bijoux et montres pour la F\u00eate des P\u00e8res\" \/>\n<meta property=\"og:description\" content=\"D\u00e9couvrez chez Maison Roca notre s\u00e9lection de bijoux et montres pour c\u00e9l\u00e9brer votre p\u00e8re comme il le m\u00e9rite.\" \/>\n<meta property=\"og:url\" content=\"https:\/\/maisonroca.ad\/fr\/notre-selection-de-bijoux-et-montres-pour-la-fete-des-peres\/\" \/>\n<meta property=\"og:site_name\" content=\"Maison Roca\" \/>\n<meta property=\"article:publisher\" content=\"https:\/\/www.facebook.com\/maisonroca\" \/>\n<meta property=\"article:published_time\" content=\"2026-03-17T09:05:19+00:00\" \/>\n<meta property=\"article:modified_time\" content=\"2026-03-17T09:24:36+00:00\" \/>\n<meta property=\"og:image\" content=\"https:\/\/maisonroca.ad\/wp-content\/uploads\/2026\/03\/Braiding_131111PR_0068_RETOUCHED-copy-scaled.jpg\" \/>\n\t<meta property=\"og:image:width\" content=\"2048\" \/>\n\t<meta property=\"og:image:height\" content=\"1536\" \/>\n\t<meta property=\"og:image:type\" content=\"image\/jpeg\" \/>\n<meta name=\"author\" content=\"Alba Cladellas\" \/>\n<meta name=\"twitter:card\" content=\"summary_large_image\" \/>\n<meta name=\"twitter:label1\" content=\"\u00c9crit par\" \/>\n\t<meta name=\"twitter:data1\" content=\"Alba Cladellas\" \/>\n\t<meta name=\"twitter:label2\" content=\"Dur\u00e9e de lecture estim\u00e9e\" \/>\n\t<meta name=\"twitter:data2\" content=\"3 minutes\" \/>\n<script type=\"application\/ld+json\" class=\"yoast-schema-graph\">{\"@context\":\"https:\\\/\\\/schema.org\",\"@graph\":[{\"@type\":\"Article\",\"@id\":\"https:\\\/\\\/maisonroca.ad\\\/fr\\\/notre-selection-de-bijoux-et-montres-pour-la-fete-des-peres\\\/#article\",\"isPartOf\":{\"@id\":\"https:\\\/\\\/maisonroca.ad\\\/fr\\\/notre-selection-de-bijoux-et-montres-pour-la-fete-des-peres\\\/\"},\"author\":{\"name\":\"Alba Cladellas\",\"@id\":\"https:\\\/\\\/maisonroca.ad\\\/fr\\\/#\\\/schema\\\/person\\\/fbb4d6d48b3192d655b25ec7df9a4f74\"},\"headline\":\"Notre s\u00e9lection de bijoux et montres pour la F\u00eate des P\u00e8res\",\"datePublished\":\"2026-03-17T09:05:19+00:00\",\"dateModified\":\"2026-03-17T09:24:36+00:00\",\"mainEntityOfPage\":{\"@id\":\"https:\\\/\\\/maisonroca.ad\\\/fr\\\/notre-selection-de-bijoux-et-montres-pour-la-fete-des-peres\\\/\"},\"wordCount\":425,\"publisher\":{\"@id\":\"https:\\\/\\\/maisonroca.ad\\\/fr\\\/#organization\"},\"image\":{\"@id\":\"https:\\\/\\\/maisonroca.ad\\\/fr\\\/notre-selection-de-bijoux-et-montres-pour-la-fete-des-peres\\\/#primaryimage\"},\"thumbnailUrl\":\"https:\\\/\\\/maisonroca.ad\\\/wp-content\\\/uploads\\\/2026\\\/03\\\/Braiding_131111PR_0068_RETOUCHED-copy-scaled.jpg\",\"keywords\":[\"bell &amp; ross\",\"Breitling\",\"diamants\",\"horlogerie suisse\",\"Maison Roca\",\"montre suisse\",\"nouveaut\u00e9s 2025\",\"Oris\"],\"articleSection\":[\"Horlogerie exclusive\",\"Non classifi\u00e9(e)\"],\"inLanguage\":\"fr-FR\"},{\"@type\":\"WebPage\",\"@id\":\"https:\\\/\\\/maisonroca.ad\\\/fr\\\/notre-selection-de-bijoux-et-montres-pour-la-fete-des-peres\\\/\",\"url\":\"https:\\\/\\\/maisonroca.ad\\\/fr\\\/notre-selection-de-bijoux-et-montres-pour-la-fete-des-peres\\\/\",\"name\":\"Notre s\u00e9lection de bijoux et montres pour la F\u00eate des P\u00e8res - Maison Roca\",\"isPartOf\":{\"@id\":\"https:\\\/\\\/maisonroca.ad\\\/fr\\\/#website\"},\"primaryImageOfPage\":{\"@id\":\"https:\\\/\\\/maisonroca.ad\\\/fr\\\/notre-selection-de-bijoux-et-montres-pour-la-fete-des-peres\\\/#primaryimage\"},\"image\":{\"@id\":\"https:\\\/\\\/maisonroca.ad\\\/fr\\\/notre-selection-de-bijoux-et-montres-pour-la-fete-des-peres\\\/#primaryimage\"},\"thumbnailUrl\":\"https:\\\/\\\/maisonroca.ad\\\/wp-content\\\/uploads\\\/2026\\\/03\\\/Braiding_131111PR_0068_RETOUCHED-copy-scaled.jpg\",\"datePublished\":\"2026-03-17T09:05:19+00:00\",\"dateModified\":\"2026-03-17T09:24:36+00:00\",\"description\":\"D\u00e9couvrez chez Maison Roca notre s\u00e9lection de bijoux et montres pour c\u00e9l\u00e9brer votre p\u00e8re comme il le m\u00e9rite.\",\"breadcrumb\":{\"@id\":\"https:\\\/\\\/maisonroca.ad\\\/fr\\\/notre-selection-de-bijoux-et-montres-pour-la-fete-des-peres\\\/#breadcrumb\"},\"inLanguage\":\"fr-FR\",\"potentialAction\":[{\"@type\":\"ReadAction\",\"target\":[\"https:\\\/\\\/maisonroca.ad\\\/fr\\\/notre-selection-de-bijoux-et-montres-pour-la-fete-des-peres\\\/\"]}]},{\"@type\":\"ImageObject\",\"inLanguage\":\"fr-FR\",\"@id\":\"https:\\\/\\\/maisonroca.ad\\\/fr\\\/notre-selection-de-bijoux-et-montres-pour-la-fete-des-peres\\\/#primaryimage\",\"url\":\"https:\\\/\\\/maisonroca.ad\\\/wp-content\\\/uploads\\\/2026\\\/03\\\/Braiding_131111PR_0068_RETOUCHED-copy-scaled.jpg\",\"contentUrl\":\"https:\\\/\\\/maisonroca.ad\\\/wp-content\\\/uploads\\\/2026\\\/03\\\/Braiding_131111PR_0068_RETOUCHED-copy-scaled.jpg\",\"width\":2048,\"height\":1536},{\"@type\":\"BreadcrumbList\",\"@id\":\"https:\\\/\\\/maisonroca.ad\\\/fr\\\/notre-selection-de-bijoux-et-montres-pour-la-fete-des-peres\\\/#breadcrumb\",\"itemListElement\":[{\"@type\":\"ListItem\",\"position\":1,\"name\":\"Portada\",\"item\":\"https:\\\/\\\/maisonroca.ad\\\/fr\\\/\"},{\"@type\":\"ListItem\",\"position\":2,\"name\":\"Notre s\u00e9lection de bijoux et montres pour la F\u00eate des P\u00e8res\"}]},{\"@type\":\"WebSite\",\"@id\":\"https:\\\/\\\/maisonroca.ad\\\/fr\\\/#website\",\"url\":\"https:\\\/\\\/maisonroca.ad\\\/fr\\\/\",\"name\":\"Maison Roca\",\"description\":\"Bold Luxury Life - joieria d&#039;autor - Andorra\",\"publisher\":{\"@id\":\"https:\\\/\\\/maisonroca.ad\\\/fr\\\/#organization\"},\"potentialAction\":[{\"@type\":\"SearchAction\",\"target\":{\"@type\":\"EntryPoint\",\"urlTemplate\":\"https:\\\/\\\/maisonroca.ad\\\/fr\\\/?s={search_term_string}\"},\"query-input\":{\"@type\":\"PropertyValueSpecification\",\"valueRequired\":true,\"valueName\":\"search_term_string\"}}],\"inLanguage\":\"fr-FR\"},{\"@type\":\"Organization\",\"@id\":\"https:\\\/\\\/maisonroca.ad\\\/fr\\\/#organization\",\"name\":\"Maison Roca\",\"url\":\"https:\\\/\\\/maisonroca.ad\\\/fr\\\/\",\"logo\":{\"@type\":\"ImageObject\",\"inLanguage\":\"fr-FR\",\"@id\":\"https:\\\/\\\/maisonroca.ad\\\/fr\\\/#\\\/schema\\\/logo\\\/image\\\/\",\"url\":\"https:\\\/\\\/maisonroca.ad\\\/wp-content\\\/uploads\\\/2023\\\/10\\\/icono.png\",\"contentUrl\":\"https:\\\/\\\/maisonroca.ad\\\/wp-content\\\/uploads\\\/2023\\\/10\\\/icono.png\",\"width\":512,\"height\":512,\"caption\":\"Maison Roca\"},\"image\":{\"@id\":\"https:\\\/\\\/maisonroca.ad\\\/fr\\\/#\\\/schema\\\/logo\\\/image\\\/\"},\"sameAs\":[\"https:\\\/\\\/www.facebook.com\\\/maisonroca\",\"https:\\\/\\\/www.instagram.com\\\/maisonroca\\\/\"]},{\"@type\":\"Person\",\"@id\":\"https:\\\/\\\/maisonroca.ad\\\/fr\\\/#\\\/schema\\\/person\\\/fbb4d6d48b3192d655b25ec7df9a4f74\",\"name\":\"Alba Cladellas\",\"image\":{\"@type\":\"ImageObject\",\"inLanguage\":\"fr-FR\",\"@id\":\"https:\\\/\\\/secure.gravatar.com\\\/avatar\\\/bc6626a75b0c17f436b1a279bcc4d4435f1a5f6b32757a55be68089613b2deba?s=96&d=mm&r=g\",\"url\":\"https:\\\/\\\/secure.gravatar.com\\\/avatar\\\/bc6626a75b0c17f436b1a279bcc4d4435f1a5f6b32757a55be68089613b2deba?s=96&d=mm&r=g\",\"contentUrl\":\"https:\\\/\\\/secure.gravatar.com\\\/avatar\\\/bc6626a75b0c17f436b1a279bcc4d4435f1a5f6b32757a55be68089613b2deba?s=96&d=mm&r=g\",\"caption\":\"Alba Cladellas\"},\"url\":\"https:\\\/\\\/maisonroca.ad\\\/fr\\\/author\\\/acladellas\\\/\"}]}<\/script>\n<!-- \/ Yoast SEO Premium plugin. -->","yoast_head_json":{"title":"Notre s\u00e9lection de bijoux et montres pour la F\u00eate des P\u00e8res - Maison Roca","description":"D\u00e9couvrez chez Maison Roca notre s\u00e9lection de bijoux et montres pour c\u00e9l\u00e9brer votre p\u00e8re comme il le m\u00e9rite.","robots":{"index":"index","follow":"follow","max-snippet":"max-snippet:-1","max-image-preview":"max-image-preview:large","max-video-preview":"max-video-preview:-1"},"canonical":"https:\/\/maisonroca.ad\/fr\/notre-selection-de-bijoux-et-montres-pour-la-fete-des-peres\/","og_locale":"fr_FR","og_type":"article","og_title":"Notre s\u00e9lection de bijoux et montres pour la F\u00eate des P\u00e8res","og_description":"D\u00e9couvrez chez Maison Roca notre s\u00e9lection de bijoux et montres pour c\u00e9l\u00e9brer votre p\u00e8re comme il le m\u00e9rite.","og_url":"https:\/\/maisonroca.ad\/fr\/notre-selection-de-bijoux-et-montres-pour-la-fete-des-peres\/","og_site_name":"Maison Roca","article_publisher":"https:\/\/www.facebook.com\/maisonroca","article_published_time":"2026-03-17T09:05:19+00:00","article_modified_time":"2026-03-17T09:24:36+00:00","og_image":[{"width":2048,"height":1536,"url":"https:\/\/maisonroca.ad\/wp-content\/uploads\/2026\/03\/Braiding_131111PR_0068_RETOUCHED-copy-scaled.jpg","type":"image\/jpeg"}],"author":"Alba Cladellas","twitter_card":"summary_large_image","twitter_misc":{"\u00c9crit par":"Alba Cladellas","Dur\u00e9e de lecture estim\u00e9e":"3 minutes"},"schema":{"@context":"https:\/\/schema.org","@graph":[{"@type":"Article","@id":"https:\/\/maisonroca.ad\/fr\/notre-selection-de-bijoux-et-montres-pour-la-fete-des-peres\/#article","isPartOf":{"@id":"https:\/\/maisonroca.ad\/fr\/notre-selection-de-bijoux-et-montres-pour-la-fete-des-peres\/"},"author":{"name":"Alba Cladellas","@id":"https:\/\/maisonroca.ad\/fr\/#\/schema\/person\/fbb4d6d48b3192d655b25ec7df9a4f74"},"headline":"Notre s\u00e9lection de bijoux et montres pour la F\u00eate des P\u00e8res","datePublished":"2026-03-17T09:05:19+00:00","dateModified":"2026-03-17T09:24:36+00:00","mainEntityOfPage":{"@id":"https:\/\/maisonroca.ad\/fr\/notre-selection-de-bijoux-et-montres-pour-la-fete-des-peres\/"},"wordCount":425,"publisher":{"@id":"https:\/\/maisonroca.ad\/fr\/#organization"},"image":{"@id":"https:\/\/maisonroca.ad\/fr\/notre-selection-de-bijoux-et-montres-pour-la-fete-des-peres\/#primaryimage"},"thumbnailUrl":"https:\/\/maisonroca.ad\/wp-content\/uploads\/2026\/03\/Braiding_131111PR_0068_RETOUCHED-copy-scaled.jpg","keywords":["bell &amp; ross","Breitling","diamants","horlogerie suisse","Maison Roca","montre suisse","nouveaut\u00e9s 2025","Oris"],"articleSection":["Horlogerie exclusive","Non classifi\u00e9(e)"],"inLanguage":"fr-FR"},{"@type":"WebPage","@id":"https:\/\/maisonroca.ad\/fr\/notre-selection-de-bijoux-et-montres-pour-la-fete-des-peres\/","url":"https:\/\/maisonroca.ad\/fr\/notre-selection-de-bijoux-et-montres-pour-la-fete-des-peres\/","name":"Notre s\u00e9lection de bijoux et montres pour la F\u00eate des P\u00e8res - Maison Roca","isPartOf":{"@id":"https:\/\/maisonroca.ad\/fr\/#website"},"primaryImageOfPage":{"@id":"https:\/\/maisonroca.ad\/fr\/notre-selection-de-bijoux-et-montres-pour-la-fete-des-peres\/#primaryimage"},"image":{"@id":"https:\/\/maisonroca.ad\/fr\/notre-selection-de-bijoux-et-montres-pour-la-fete-des-peres\/#primaryimage"},"thumbnailUrl":"https:\/\/maisonroca.ad\/wp-content\/uploads\/2026\/03\/Braiding_131111PR_0068_RETOUCHED-copy-scaled.jpg","datePublished":"2026-03-17T09:05:19+00:00","dateModified":"2026-03-17T09:24:36+00:00","description":"D\u00e9couvrez chez Maison Roca notre s\u00e9lection de bijoux et montres pour c\u00e9l\u00e9brer votre p\u00e8re comme il le m\u00e9rite.","breadcrumb":{"@id":"https:\/\/maisonroca.ad\/fr\/notre-selection-de-bijoux-et-montres-pour-la-fete-des-peres\/#breadcrumb"},"inLanguage":"fr-FR","potentialAction":[{"@type":"ReadAction","target":["https:\/\/maisonroca.ad\/fr\/notre-selection-de-bijoux-et-montres-pour-la-fete-des-peres\/"]}]},{"@type":"ImageObject","inLanguage":"fr-FR","@id":"https:\/\/maisonroca.ad\/fr\/notre-selection-de-bijoux-et-montres-pour-la-fete-des-peres\/#primaryimage","url":"https:\/\/maisonroca.ad\/wp-content\/uploads\/2026\/03\/Braiding_131111PR_0068_RETOUCHED-copy-scaled.jpg","contentUrl":"https:\/\/maisonroca.ad\/wp-content\/uploads\/2026\/03\/Braiding_131111PR_0068_RETOUCHED-copy-scaled.jpg","width":2048,"height":1536},{"@type":"BreadcrumbList","@id":"https:\/\/maisonroca.ad\/fr\/notre-selection-de-bijoux-et-montres-pour-la-fete-des-peres\/#breadcrumb","itemListElement":[{"@type":"ListItem","position":1,"name":"Portada","item":"https:\/\/maisonroca.ad\/fr\/"},{"@type":"ListItem","position":2,"name":"Notre s\u00e9lection de bijoux et montres pour la F\u00eate des P\u00e8res"}]},{"@type":"WebSite","@id":"https:\/\/maisonroca.ad\/fr\/#website","url":"https:\/\/maisonroca.ad\/fr\/","name":"Maison Roca","description":"Bold Luxury Life - joieria d&#039;autor - Andorra","publisher":{"@id":"https:\/\/maisonroca.ad\/fr\/#organization"},"potentialAction":[{"@type":"SearchAction","target":{"@type":"EntryPoint","urlTemplate":"https:\/\/maisonroca.ad\/fr\/?s={search_term_string}"},"query-input":{"@type":"PropertyValueSpecification","valueRequired":true,"valueName":"search_term_string"}}],"inLanguage":"fr-FR"},{"@type":"Organization","@id":"https:\/\/maisonroca.ad\/fr\/#organization","name":"Maison Roca","url":"https:\/\/maisonroca.ad\/fr\/","logo":{"@type":"ImageObject","inLanguage":"fr-FR","@id":"https:\/\/maisonroca.ad\/fr\/#\/schema\/logo\/image\/","url":"https:\/\/maisonroca.ad\/wp-content\/uploads\/2023\/10\/icono.png","contentUrl":"https:\/\/maisonroca.ad\/wp-content\/uploads\/2023\/10\/icono.png","width":512,"height":512,"caption":"Maison Roca"},"image":{"@id":"https:\/\/maisonroca.ad\/fr\/#\/schema\/logo\/image\/"},"sameAs":["https:\/\/www.facebook.com\/maisonroca","https:\/\/www.instagram.com\/maisonroca\/"]},{"@type":"Person","@id":"https:\/\/maisonroca.ad\/fr\/#\/schema\/person\/fbb4d6d48b3192d655b25ec7df9a4f74","name":"Alba Cladellas","image":{"@type":"ImageObject","inLanguage":"fr-FR","@id":"https:\/\/secure.gravatar.com\/avatar\/bc6626a75b0c17f436b1a279bcc4d4435f1a5f6b32757a55be68089613b2deba?s=96&d=mm&r=g","url":"https:\/\/secure.gravatar.com\/avatar\/bc6626a75b0c17f436b1a279bcc4d4435f1a5f6b32757a55be68089613b2deba?s=96&d=mm&r=g","contentUrl":"https:\/\/secure.gravatar.com\/avatar\/bc6626a75b0c17f436b1a279bcc4d4435f1a5f6b32757a55be68089613b2deba?s=96&d=mm&r=g","caption":"Alba Cladellas"},"url":"https:\/\/maisonroca.ad\/fr\/author\/acladellas\/"}]}},"_links":{"self":[{"href":"https:\/\/maisonroca.ad\/fr\/wp-json\/wp\/v2\/posts\/85069","targetHints":{"allow":["GET"]}}],"collection":[{"href":"https:\/\/maisonroca.ad\/fr\/wp-json\/wp\/v2\/posts"}],"about":[{"href":"https:\/\/maisonroca.ad\/fr\/wp-json\/wp\/v2\/types\/post"}],"author":[{"embeddable":true,"href":"https:\/\/maisonroca.ad\/fr\/wp-json\/wp\/v2\/users\/4"}],"replies":[{"embeddable":true,"href":"https:\/\/maisonroca.ad\/fr\/wp-json\/wp\/v2\/comments?post=85069"}],"version-history":[{"count":1,"href":"https:\/\/maisonroca.ad\/fr\/wp-json\/wp\/v2\/posts\/85069\/revisions"}],"predecessor-version":[{"id":85071,"href":"https:\/\/maisonroca.ad\/fr\/wp-json\/wp\/v2\/posts\/85069\/revisions\/85071"}],"wp:featuredmedia":[{"embeddable":true,"href":"https:\/\/maisonroca.ad\/fr\/wp-json\/wp\/v2\/media\/85046"}],"wp:attachment":[{"href":"https:\/\/maisonroca.ad\/fr\/wp-json\/wp\/v2\/media?parent=85069"}],"wp:term":[{"taxonomy":"category","embeddable":true,"href":"https:\/\/maisonroca.ad\/fr\/wp-json\/wp\/v2\/categories?post=85069"},{"taxonomy":"post_tag","embeddable":true,"href":"https:\/\/maisonroca.ad\/fr\/wp-json\/wp\/v2\/tags?post=85069"}],"curies":[{"name":"wp","href":"https:\/\/api.w.org\/{rel}","templated":true}]}}